{"id":58573,"date":"2019-08-21T20:09:56","date_gmt":"2019-08-21T23:09:56","guid":{"rendered":"https:\/\/eldiariodesanpedro.com.ar\/sitio\/?p=58573"},"modified":"2019-08-21T21:52:21","modified_gmt":"2019-08-22T00:52:21","slug":"zarate-confirmaron-que-el-cuerpo-decapitado-hallado-en-el-rio-parana-es-el-de-stella-ramirez","status":"publish","type":"post","link":"https:\/\/eldiariodesanpedro.com.ar\/sitio\/zarate-confirmaron-que-el-cuerpo-decapitado-hallado-en-el-rio-parana-es-el-de-stella-ramirez\/","title":{"rendered":"ZARATE | Confirmaron que el cuerpo decapitado hallado en el r\u00edo Paran\u00e1 es el de Stella Ram\u00edrez"},"content":{"rendered":"<!-- VideographyWP Plugin Message: Automatic video embedding prevented by plugin options. -->\n\n<p><strong>La hip\u00f3tesis de femicidio cobra m\u00e1s fuerza luego de que el cuerpo decapitado de la joven fuera encontrada hoy en el r\u00edo Paran\u00e1 y los investigadores confirmaron que se trata de Stella Maris Ram\u00edrez, quien estaba desaparecida a principios de este mes en la localidad de Lima, informaron fuentes Judiciales.<\/strong><\/p>\n\n\n\n<p>El hallazgo del cad\u00e1ver ocurri\u00f3 esta tarde, alrededor de las 14, a tres kil\u00f3metros de la orilla del Club de Pesca de Lima. Fuentes de la investigaci\u00f3n informaron que unos pescadores observaron la presencia de un cuerpo sin cr\u00e1neo que estaba enganchado en unos juncos, por lo que avisaron a personal de la Prefectura Naval Argentina (PNA).<\/p>\n\n\n\n<p>Los efectivos trabajaron esta tarde con una lancha de la fuerza para retirar el cuerpo del r\u00edo y al lograrlo observaron que el mismo tambi\u00e9n presentaba un largo y profundo corte longitudinal en la zona del abdomen.<\/p>\n\n\n\n<p>Seg\u00fan las fuentes, el cad\u00e1ver ahora fue llevado a la morgue judicial de Z\u00e1rate, donde los m\u00e9dicos forenses realizar\u00e1n la autopsia correspondiente para determinar la data y la causa de la muerte.<\/p>\n\n\n\n<p>Ram\u00edrez desapareci\u00f3 el 2 de agosto pasado cuando fue vista por \u00faltima vez por vecinos mientras ella ingresaba a su casa situada en el barrio Granja 8, donde viv\u00eda con su esposo Carlos Entivero y su hija de 5 a\u00f1os.<\/p>\n\n\n\n<p>La denuncia de su desparici\u00f3n fue radicada la semana pasada luego de que amigas de la mujer avisaron a los familiares de la joven en Chaco de que no la ve\u00edan hace varios d\u00edas ni pod\u00edan comunicarse con ella, por lo que las autoridades iniciaron una investigaci\u00f3n.<\/p>\n\n\n\n<p>Todos los rastros conducen a Entivero, quien dio la versi\u00f3n en el jard\u00edn de infantes donde asist\u00eda la hija de Ram\u00edrez acerca de que ambas huyeron con un amante de su mujer.<\/p>\n\n\n\n<p>Sin embargo, una vecina cont\u00f3 a la Polic\u00eda que escuch\u00f3 a la v\u00edctima a los gritos de \u201cbasta, no me pegues m\u00e1s\u201d y un fuerte ruido. Otros testigos vieron a la mam\u00e1 de Entivero, Amelia Itat\u00ed Lezcano, visitar a su hijo en la casa y volverse a Corrientes, donde vive.<\/p>\n\n\n\n<p>Los pesquisas adem\u00e1s encontraron rastros de sangre en la pared de una habitaci\u00f3n, el lavarropas y la parte trasera de la camioneta que est\u00e1n analizando.<\/p>\n\n\n\n<p>Por estos motivos, Entivero permanece detenido junto a su mam\u00e1, acusada de haberlo ayudado a limpiar la escena.<\/p>\n\n\n\n<p>Fuente: Impacto Local<\/p>\n","protected":false},"excerpt":{"rendered":"<p>La hip\u00f3tesis de femicidio cobra m\u00e1s fuerza luego de que el cuerpo decapitado de la joven fuera encontrada hoy en el r\u00edo Paran\u00e1 y los investigadores confirmaron que se trata de Stella Maris Ram\u00edrez, quien estaba desaparecida a principios de este mes en la localidad de Lima, informaron fuentes Judiciales. El hallazgo del cad\u00e1ver ocurri\u00f3 [&hellip;]<\/p>\n","protected":false},"author":4,"featured_media":58574,"comment_status":"open","ping_status":"closed","sticky":false,"template":"","format":"standard","meta":{"om_disable_all_campaigns":false,"_jetpack_memberships_contains_paid_content":false,"footnotes":""},"categories":[621],"tags":[],"class_list":["post-58573","post","type-post","status-publish","format-standard","has-post-thumbnail","hentry","category-regionales"],"aioseo_notices":[],"gutentor_comment":0,"jetpack_featured_media_url":"https:\/\/eldiariodesanpedro.com.ar\/sitio\/wp-content\/uploads\/2019\/08\/lima-21-08.jpg","jetpack_shortlink":"https:\/\/wp.me\/p6RhLt-feJ","jetpack_sharing_enabled":true,"_links":{"self":[{"href":"https:\/\/eldiariodesanpedro.com.ar\/sitio\/wp-json\/wp\/v2\/posts\/58573","targetHints":{"allow":["GET"]}}],"collection":[{"href":"https:\/\/eldiariodesanpedro.com.ar\/sitio\/wp-json\/wp\/v2\/posts"}],"about":[{"href":"https:\/\/eldiariodesanpedro.com.ar\/sitio\/wp-json\/wp\/v2\/types\/post"}],"author":[{"embeddable":true,"href":"https:\/\/eldiariodesanpedro.com.ar\/sitio\/wp-json\/wp\/v2\/users\/4"}],"replies":[{"embeddable":true,"href":"https:\/\/eldiariodesanpedro.com.ar\/sitio\/wp-json\/wp\/v2\/comments?post=58573"}],"version-history":[{"count":2,"href":"https:\/\/eldiariodesanpedro.com.ar\/sitio\/wp-json\/wp\/v2\/posts\/58573\/revisions"}],"predecessor-version":[{"id":58578,"href":"https:\/\/eldiariodesanpedro.com.ar\/sitio\/wp-json\/wp\/v2\/posts\/58573\/revisions\/58578"}],"wp:featuredmedia":[{"embeddable":true,"href":"https:\/\/eldiariodesanpedro.com.ar\/sitio\/wp-json\/wp\/v2\/media\/58574"}],"wp:attachment":[{"href":"https:\/\/eldiariodesanpedro.com.ar\/sitio\/wp-json\/wp\/v2\/media?parent=58573"}],"wp:term":[{"taxonomy":"category","embeddable":true,"href":"https:\/\/eldiariodesanpedro.com.ar\/sitio\/wp-json\/wp\/v2\/categories?post=58573"},{"taxonomy":"post_tag","embeddable":true,"href":"https:\/\/eldiariodesanpedro.com.ar\/sitio\/wp-json\/wp\/v2\/tags?post=58573"}],"curies":[{"name":"wp","href":"https:\/\/api.w.org\/{rel}","templated":true}]}}