{"id":58569,"date":"2019-08-21T18:50:00","date_gmt":"2019-08-21T21:50:00","guid":{"rendered":"https:\/\/eldiariodesanpedro.com.ar\/sitio\/?p=58569"},"modified":"2019-08-22T08:45:55","modified_gmt":"2019-08-22T11:45:55","slug":"vidal-convoco-a-los-intendentes-de-cambiemos-entre-ellos-salazar","status":"publish","type":"post","link":"https:\/\/eldiariodesanpedro.com.ar\/sitio\/vidal-convoco-a-los-intendentes-de-cambiemos-entre-ellos-salazar\/","title":{"rendered":"Vidal convoc\u00f3 a los intendentes de Cambiemos entre ellos, Salazar"},"content":{"rendered":"<!-- VideographyWP Plugin Message: Automatic video embedding prevented by plugin options. -->\n\n<p>Del encuentro en&nbsp;el parque tem\u00e1tico en la localidad de Gonnet participaron funcionarios provinciales y&nbsp;68 jefes comunales del oficialismo.&nbsp;<strong>La idea de la campa\u00f1a es \u00abprovincializar\u00bb la disputa y salir a mostrar la gesti\u00f3n, como nunca antes<\/strong>. <\/p>\n\n\n\n<p>La gobernadora bonaerense Mar\u00eda Eugenia Vidal mantuvo por la tarde del mi\u00e9rcoles una reuni\u00f3n con 68 intendentes oficialistas con quienes analizaba en un quincho de la Rep\u00fablica de los Ni\u00f1os, en Gonnet, la situaci\u00f3n del distrito y los pasos a seguir en la campa\u00f1a electoral en busca de su reelecci\u00f3n en los comicios de octubre.<\/p>\n\n\n\n<p>Durante la reuni\u00f3n, seg\u00fan fuentes gubernamentales, Vidal estaba acompa\u00f1ada por su jefe de Gabinete, Federico Salvai, el vicegobernador Daniel Salvador, el ministro de Seguridad, Cristian Ritondo, y el secretario general de la gobernaci\u00f3n, Fabi\u00e1n Perechodnik.<\/p>\n\n\n\n<p>El vicegobernador bonaerense, Daniel Salvador asegur\u00f3 hoy que en la reuni\u00f3n \u00abse analizaron los resultados de las elecciones y nos comprometimos a redoblar los esfuerzos pensando en la elecci\u00f3n del 27 de octubre\u00bb y destac\u00f3 que los jefes comunales oficialistas \u00abredoblar\u00e1n esfuerzos\u00bb para las elecciones. <\/p>\n\n\n\n<p>Nuestro intendente Cecilio Salazar, que fue el precandidato m\u00e1s votado a nivel local, particip\u00f3 con grandes expectativas y cont\u00f3 a nuestro medio de redacci\u00f3n las propuestas de Vidal, \u00abnos dio una arenga muy buena para encarar lo que se viene, que en la campa\u00f1a pr\u00f3xima tenemos que poner el coraz\u00f3n en esto, nuestros valores, la honestidad y la solidaridad, porque la gente nos necesita y tenemo que entender eso. El resultado de las urnas nos dej\u00f3 un gran mensaje y tenemos que revertir eso, y una de las cosas que nos remarc\u00f3 en su discurso la Gobernadora es que si no lleg\u00e1ramos a ganar, no vinimos a la pol\u00edtica para hacernos ricos, sino para estar l servicio de la gente, tenemos que seguir luchando codo a codo, poner en manifiesto nuestra vocaci\u00f3n de servicio y es lo que vamos hacer y seguir haciendo, como lo vengo haciendo yo particularmente en mi gesti\u00f3n\u00bb, culmin\u00f3..<\/p>\n\n\n\n<p>Desde el Gobierno ademas afirmaron que, \u201cMar\u00eda Eugenia quiere hacer una campa\u00f1a para ganar, no para perder por poco. Los 18 puntos de diferencia que separan a Juntos por el Cambio del Frente de Todos aparecen como un desaf\u00edo may\u00fasculo para superar. Vidal les dijo a los intendentes que los precisa\u00bb.<\/p>\n\n\n\n<figure class=\"wp-block-image\"><img decoding=\"async\" width=\"1500\" height=\"937\" data-attachment-id=\"58570\" data-permalink=\"https:\/\/eldiariodesanpedro.com.ar\/sitio\/vidal-convoco-a-los-intendentes-de-cambiemos-entre-ellos-salazar\/tapa-49\/\" data-orig-file=\"https:\/\/eldiariodesanpedro.com.ar\/sitio\/wp-content\/uploads\/2019\/08\/tapa.jpg\" data-orig-size=\"1500,937\" data-comments-opened=\"1\" data-image-meta=\"{&quot;aperture&quot;:&quot;0&quot;,&quot;credit&quot;:&quot;&quot;,&quot;camera&quot;:&quot;&quot;,&quot;caption&quot;:&quot;&quot;,&quot;created_timestamp&quot;:&quot;0&quot;,&quot;copyright&quot;:&quot;&quot;,&quot;focal_length&quot;:&quot;0&quot;,&quot;iso&quot;:&quot;0&quot;,&quot;shutter_speed&quot;:&quot;0&quot;,&quot;title&quot;:&quot;&quot;,&quot;orientation&quot;:&quot;0&quot;}\" data-image-title=\"tapa\" data-image-description=\"\" data-image-caption=\"\" data-large-file=\"https:\/\/eldiariodesanpedro.com.ar\/sitio\/wp-content\/uploads\/2019\/08\/tapa-1024x640.jpg\" data-src=\"https:\/\/i2.wp.com\/eldiariodesanpedro.com.ar\/sitio\/wp-content\/uploads\/2019\/08\/tapa.jpg?fit=660%2C413\" alt=\"\" class=\"wp-image-58570 lazyload\" data-srcset=\"https:\/\/eldiariodesanpedro.com.ar\/sitio\/wp-content\/uploads\/2019\/08\/tapa.jpg 1500w, https:\/\/eldiariodesanpedro.com.ar\/sitio\/wp-content\/uploads\/2019\/08\/tapa-300x187.jpg 300w, https:\/\/eldiariodesanpedro.com.ar\/sitio\/wp-content\/uploads\/2019\/08\/tapa-768x480.jpg 768w, https:\/\/eldiariodesanpedro.com.ar\/sitio\/wp-content\/uploads\/2019\/08\/tapa-1024x640.jpg 1024w\" data-sizes=\"(max-width: 1500px) 100vw, 1500px\" src=\"data:image\/svg+xml;base64,PHN2ZyB3aWR0aD0iMSIgaGVpZ2h0PSIxIiB4bWxucz0iaHR0cDovL3d3dy53My5vcmcvMjAwMC9zdmciPjwvc3ZnPg==\" style=\"--smush-placeholder-width: 1500px; --smush-placeholder-aspect-ratio: 1500\/937;\" \/><\/figure>\n\n\n\n<p><br><\/p>\n\n\n\n<p><br><br><\/p>\n","protected":false},"excerpt":{"rendered":"<p>Del encuentro en&nbsp;el parque tem\u00e1tico en la localidad de Gonnet participaron funcionarios provinciales y&nbsp;68 jefes comunales del oficialismo.&nbsp;La idea de la campa\u00f1a es \u00abprovincializar\u00bb la disputa y salir a mostrar la gesti\u00f3n, como nunca antes. La gobernadora bonaerense Mar\u00eda Eugenia Vidal mantuvo por la tarde del mi\u00e9rcoles una reuni\u00f3n con 68 intendentes oficialistas con quienes [&hellip;]<\/p>\n","protected":false},"author":4,"featured_media":58571,"comment_status":"open","ping_status":"closed","sticky":false,"template":"","format":"standard","meta":{"om_disable_all_campaigns":false,"_jetpack_memberships_contains_paid_content":false,"footnotes":""},"categories":[50,101,2],"tags":[],"class_list":["post-58569","post","type-post","status-publish","format-standard","has-post-thumbnail","hentry","category-destacadas","category-interes-general-locales","category-locales"],"aioseo_notices":[],"gutentor_comment":0,"jetpack_featured_media_url":"https:\/\/eldiariodesanpedro.com.ar\/sitio\/wp-content\/uploads\/2019\/08\/pagina-5.jpeg","jetpack_shortlink":"https:\/\/wp.me\/p6RhLt-feF","jetpack_sharing_enabled":true,"_links":{"self":[{"href":"https:\/\/eldiariodesanpedro.com.ar\/sitio\/wp-json\/wp\/v2\/posts\/58569","targetHints":{"allow":["GET"]}}],"collection":[{"href":"https:\/\/eldiariodesanpedro.com.ar\/sitio\/wp-json\/wp\/v2\/posts"}],"about":[{"href":"https:\/\/eldiariodesanpedro.com.ar\/sitio\/wp-json\/wp\/v2\/types\/post"}],"author":[{"embeddable":true,"href":"https:\/\/eldiariodesanpedro.com.ar\/sitio\/wp-json\/wp\/v2\/users\/4"}],"replies":[{"embeddable":true,"href":"https:\/\/eldiariodesanpedro.com.ar\/sitio\/wp-json\/wp\/v2\/comments?post=58569"}],"version-history":[{"count":2,"href":"https:\/\/eldiariodesanpedro.com.ar\/sitio\/wp-json\/wp\/v2\/posts\/58569\/revisions"}],"predecessor-version":[{"id":58583,"href":"https:\/\/eldiariodesanpedro.com.ar\/sitio\/wp-json\/wp\/v2\/posts\/58569\/revisions\/58583"}],"wp:featuredmedia":[{"embeddable":true,"href":"https:\/\/eldiariodesanpedro.com.ar\/sitio\/wp-json\/wp\/v2\/media\/58571"}],"wp:attachment":[{"href":"https:\/\/eldiariodesanpedro.com.ar\/sitio\/wp-json\/wp\/v2\/media?parent=58569"}],"wp:term":[{"taxonomy":"category","embeddable":true,"href":"https:\/\/eldiariodesanpedro.com.ar\/sitio\/wp-json\/wp\/v2\/categories?post=58569"},{"taxonomy":"post_tag","embeddable":true,"href":"https:\/\/eldiariodesanpedro.com.ar\/sitio\/wp-json\/wp\/v2\/tags?post=58569"}],"curies":[{"name":"wp","href":"https:\/\/api.w.org\/{rel}","templated":true}]}}