{"id":58566,"date":"2019-08-21T17:57:28","date_gmt":"2019-08-21T20:57:28","guid":{"rendered":"https:\/\/eldiariodesanpedro.com.ar\/sitio\/?p=58566"},"modified":"2019-08-21T17:57:33","modified_gmt":"2019-08-21T20:57:33","slug":"patrulla-rural-aprehendido-por-captura-activa","status":"publish","type":"post","link":"https:\/\/eldiariodesanpedro.com.ar\/sitio\/patrulla-rural-aprehendido-por-captura-activa\/","title":{"rendered":"Patrulla Rural: Aprehendido por captura activa"},"content":{"rendered":"<!-- VideographyWP Plugin Message: Automatic video embedding prevented by plugin options. -->\n\n<p>Fue en un procedimiento efectuado por personal del C.P.R. El sujeto fue identificado y registro pedido de captura activa a pedido por la UFI N\u00ba5 de nuestra ciudad.<\/p>\n\n\n\n<p>Sucedi\u00f3 en en horas de la tarde de este mi\u00e9rcoles,  cuando Personal del Comando de Prevenci\u00f3n Rural, logr\u00f3 interceptar en\u00a0la zona de callej\u00f3n Cocuzza un ciudadano mayor de edad.<\/p>\n\n\n\n<p>Al momento de ser identificado por el sistema inform\u00e1tico policial registra pedido de captura por el hecho de robo agravado por el uso de arma a pedido del Juzgado de Garant\u00edas de San Nicolas con la UFI n\u00ba5 LOCAL.<\/p>\n\n\n\n<p>Fue alojado en la dependencia a la espera de la intervenci\u00f3n del magistrado.<\/p>\n","protected":false},"excerpt":{"rendered":"<p>Fue en un procedimiento efectuado por personal del C.P.R. El sujeto fue identificado y registro pedido de captura activa a pedido por la UFI N\u00ba5 de nuestra ciudad. Sucedi\u00f3 en en horas de la tarde de este mi\u00e9rcoles, cuando Personal del Comando de Prevenci\u00f3n Rural, logr\u00f3 interceptar en\u00a0la zona de callej\u00f3n Cocuzza un ciudadano mayor [&hellip;]<\/p>\n","protected":false},"author":4,"featured_media":58567,"comment_status":"open","ping_status":"closed","sticky":false,"template":"","format":"standard","meta":{"om_disable_all_campaigns":false,"_jetpack_memberships_contains_paid_content":false,"footnotes":""},"categories":[2,103],"tags":[],"class_list":["post-58566","post","type-post","status-publish","format-standard","has-post-thumbnail","hentry","category-locales","category-policiales-locales"],"aioseo_notices":[],"gutentor_comment":0,"jetpack_featured_media_url":"https:\/\/eldiariodesanpedro.com.ar\/sitio\/wp-content\/uploads\/2019\/08\/IMG-20190821-WA0035.jpg","jetpack_shortlink":"https:\/\/wp.me\/p6RhLt-feC","jetpack_sharing_enabled":true,"_links":{"self":[{"href":"https:\/\/eldiariodesanpedro.com.ar\/sitio\/wp-json\/wp\/v2\/posts\/58566","targetHints":{"allow":["GET"]}}],"collection":[{"href":"https:\/\/eldiariodesanpedro.com.ar\/sitio\/wp-json\/wp\/v2\/posts"}],"about":[{"href":"https:\/\/eldiariodesanpedro.com.ar\/sitio\/wp-json\/wp\/v2\/types\/post"}],"author":[{"embeddable":true,"href":"https:\/\/eldiariodesanpedro.com.ar\/sitio\/wp-json\/wp\/v2\/users\/4"}],"replies":[{"embeddable":true,"href":"https:\/\/eldiariodesanpedro.com.ar\/sitio\/wp-json\/wp\/v2\/comments?post=58566"}],"version-history":[{"count":1,"href":"https:\/\/eldiariodesanpedro.com.ar\/sitio\/wp-json\/wp\/v2\/posts\/58566\/revisions"}],"predecessor-version":[{"id":58568,"href":"https:\/\/eldiariodesanpedro.com.ar\/sitio\/wp-json\/wp\/v2\/posts\/58566\/revisions\/58568"}],"wp:featuredmedia":[{"embeddable":true,"href":"https:\/\/eldiariodesanpedro.com.ar\/sitio\/wp-json\/wp\/v2\/media\/58567"}],"wp:attachment":[{"href":"https:\/\/eldiariodesanpedro.com.ar\/sitio\/wp-json\/wp\/v2\/media?parent=58566"}],"wp:term":[{"taxonomy":"category","embeddable":true,"href":"https:\/\/eldiariodesanpedro.com.ar\/sitio\/wp-json\/wp\/v2\/categories?post=58566"},{"taxonomy":"post_tag","embeddable":true,"href":"https:\/\/eldiariodesanpedro.com.ar\/sitio\/wp-json\/wp\/v2\/tags?post=58566"}],"curies":[{"name":"wp","href":"https:\/\/api.w.org\/{rel}","templated":true}]}}