{"id":58561,"date":"2019-08-21T10:53:16","date_gmt":"2019-08-21T13:53:16","guid":{"rendered":"https:\/\/eldiariodesanpedro.com.ar\/sitio\/?p=58561"},"modified":"2019-08-21T10:53:21","modified_gmt":"2019-08-21T13:53:21","slug":"san-nicolas-continua-internado-el-joven-que-recibio-un-hierrazo-en-la-cabeza","status":"publish","type":"post","link":"https:\/\/eldiariodesanpedro.com.ar\/sitio\/san-nicolas-continua-internado-el-joven-que-recibio-un-hierrazo-en-la-cabeza\/","title":{"rendered":"SAN NICOL\u00c1S | Contin\u00faa internado el joven que recibi\u00f3 un \u201chierrazo\u201d en la cabeza"},"content":{"rendered":"<!-- VideographyWP Plugin Message: Automatic video embedding prevented by plugin options. -->\n\n<p>\n\nEl domingo en horas de la ma\u00f1ana efectivos policiales del Destacamento La Emilia, alertados por v\u00eda telef\u00f3nica, se presentaron en la calle Quint\u00edn C\u00f3rdova y Puerto Argentino ya que un hombre de aproximadamente treinta a\u00f1os, identificado como Ger\u00f3nimo Vargas quien vive en Villa Constituci\u00f3n y es padre de una hija, se hallaba inconsciente sobre la vereda.<\/p>\n\n\n\n<p>Al observar a Vargas, los polic\u00edas pudieron determinar que ten\u00eda un fuerte golpe en la cabeza producto de una ri\u00f1a en la que habr\u00eda sido agredido con una barra de hierro por un joven oriundo de la misma localidad.<\/p>\n\n\n\n<p>La v\u00edctima fue trasladada con urgencia al hospital San Felipe, donde permanece internado en estado delicado en la sala de Terapia Intensiva.<\/p>\n\n\n\n<p>Constituido el m\u00e9dico policial en el nosocomio, dictamin\u00f3 que el herido presentaba traumatismo con hundimiento de cr\u00e1neo, parietal y occipital, considerando las lesiones graves con estado reservado.<\/p>\n\n\n\n<p><strong>Buscan el sospechoso<\/strong><br>A ra\u00edz de las tareas de investigaci\u00f3n llevadas adelante por la Polic\u00eda, y de declaraciones testimoniales tomadas en el lugar del hecho, lograron establecer qui\u00e9n ser\u00eda el autor del hecho, un joven de 25 a\u00f1os, domiciliado en La Emilia. De esta manera se pudo solicitar una orden de allanamiento con detenci\u00f3n, con la causa a cargo de la UFI N\u00ba 10. Efectivizadas las diligencias judiciales, \u00e9stas arrojaron resultado negativo. Por lo que el individuo buscado contin\u00faa como imputado y pr\u00f3fugo.<\/p>\n\n\n\n<p>Durante toda la jornada de ayer continu\u00f3 la b\u00fasqueda del sospechoso. El sospechoso integrar\u00eda un grupo muy violento, acusado antes de varios hechos de violencia y da\u00f1os.-<\/p>\n","protected":false},"excerpt":{"rendered":"<p>El domingo en horas de la ma\u00f1ana efectivos policiales del Destacamento La Emilia, alertados por v\u00eda telef\u00f3nica, se presentaron en la calle Quint\u00edn C\u00f3rdova y Puerto Argentino ya que un hombre de aproximadamente treinta a\u00f1os, identificado como Ger\u00f3nimo Vargas quien vive en Villa Constituci\u00f3n y es padre de una hija, se hallaba inconsciente sobre la [&hellip;]<\/p>\n","protected":false},"author":4,"featured_media":58562,"comment_status":"open","ping_status":"closed","sticky":false,"template":"","format":"standard","meta":{"om_disable_all_campaigns":false,"_jetpack_memberships_contains_paid_content":false,"footnotes":""},"categories":[621],"tags":[],"class_list":["post-58561","post","type-post","status-publish","format-standard","has-post-thumbnail","hentry","category-regionales"],"aioseo_notices":[],"gutentor_comment":0,"jetpack_featured_media_url":"https:\/\/eldiariodesanpedro.com.ar\/sitio\/wp-content\/uploads\/2019\/08\/0_1_25.jpg","jetpack_shortlink":"https:\/\/wp.me\/p6RhLt-fex","jetpack_sharing_enabled":true,"_links":{"self":[{"href":"https:\/\/eldiariodesanpedro.com.ar\/sitio\/wp-json\/wp\/v2\/posts\/58561","targetHints":{"allow":["GET"]}}],"collection":[{"href":"https:\/\/eldiariodesanpedro.com.ar\/sitio\/wp-json\/wp\/v2\/posts"}],"about":[{"href":"https:\/\/eldiariodesanpedro.com.ar\/sitio\/wp-json\/wp\/v2\/types\/post"}],"author":[{"embeddable":true,"href":"https:\/\/eldiariodesanpedro.com.ar\/sitio\/wp-json\/wp\/v2\/users\/4"}],"replies":[{"embeddable":true,"href":"https:\/\/eldiariodesanpedro.com.ar\/sitio\/wp-json\/wp\/v2\/comments?post=58561"}],"version-history":[{"count":1,"href":"https:\/\/eldiariodesanpedro.com.ar\/sitio\/wp-json\/wp\/v2\/posts\/58561\/revisions"}],"predecessor-version":[{"id":58563,"href":"https:\/\/eldiariodesanpedro.com.ar\/sitio\/wp-json\/wp\/v2\/posts\/58561\/revisions\/58563"}],"wp:featuredmedia":[{"embeddable":true,"href":"https:\/\/eldiariodesanpedro.com.ar\/sitio\/wp-json\/wp\/v2\/media\/58562"}],"wp:attachment":[{"href":"https:\/\/eldiariodesanpedro.com.ar\/sitio\/wp-json\/wp\/v2\/media?parent=58561"}],"wp:term":[{"taxonomy":"category","embeddable":true,"href":"https:\/\/eldiariodesanpedro.com.ar\/sitio\/wp-json\/wp\/v2\/categories?post=58561"},{"taxonomy":"post_tag","embeddable":true,"href":"https:\/\/eldiariodesanpedro.com.ar\/sitio\/wp-json\/wp\/v2\/tags?post=58561"}],"curies":[{"name":"wp","href":"https:\/\/api.w.org\/{rel}","templated":true}]}}