{"id":58558,"date":"2019-08-21T10:54:55","date_gmt":"2019-08-21T13:54:55","guid":{"rendered":"https:\/\/eldiariodesanpedro.com.ar\/sitio\/?p=58558"},"modified":"2019-08-21T10:54:59","modified_gmt":"2019-08-21T13:54:59","slug":"accidente-colisiona-una-camioneta-y-una-moto","status":"publish","type":"post","link":"https:\/\/eldiariodesanpedro.com.ar\/sitio\/accidente-colisiona-una-camioneta-y-una-moto\/","title":{"rendered":"Accidente: Colisiona una camioneta y una moto"},"content":{"rendered":"<!-- VideographyWP Plugin Message: Automatic video embedding prevented by plugin options. -->\n\n<p>Sucedio esta ma\u00f1ana alrededor de las 8 horas, el conductor del rodado menor fue trasladado al hospital por la ambulancia del SAME.<\/p>\n\n\n\n<p>Por causas que se tratan de establecer una camioneta Ford Ecosport es impactada por una motocicleta.<\/p>\n\n\n\n<p>El siniestro ocurri\u00f3 en intersecci\u00f3n de las calles Padre Santana Y Obligado Cerca de las 8 hs. de este mi\u00e9rcoles, en Padre Santana y Obligado. Como consecuencia de ello, un motociclista sufri\u00f3 lesiones y fue derivado por el SAME al hospital.<\/p>\n","protected":false},"excerpt":{"rendered":"<p>Sucedio esta ma\u00f1ana alrededor de las 8 horas, el conductor del rodado menor fue trasladado al hospital por la ambulancia del SAME. Por causas que se tratan de establecer una camioneta Ford Ecosport es impactada por una motocicleta. El siniestro ocurri\u00f3 en intersecci\u00f3n de las calles Padre Santana Y Obligado Cerca de las 8 hs. [&hellip;]<\/p>\n","protected":false},"author":4,"featured_media":58564,"comment_status":"open","ping_status":"closed","sticky":false,"template":"","format":"standard","meta":{"om_disable_all_campaigns":false,"_jetpack_memberships_contains_paid_content":false,"footnotes":""},"categories":[2,103],"tags":[],"class_list":["post-58558","post","type-post","status-publish","format-standard","has-post-thumbnail","hentry","category-locales","category-policiales-locales"],"aioseo_notices":[],"gutentor_comment":0,"jetpack_featured_media_url":"https:\/\/eldiariodesanpedro.com.ar\/sitio\/wp-content\/uploads\/2019\/08\/SAME-San-Pedro.jpg","jetpack_shortlink":"https:\/\/wp.me\/p6RhLt-feu","jetpack_sharing_enabled":true,"_links":{"self":[{"href":"https:\/\/eldiariodesanpedro.com.ar\/sitio\/wp-json\/wp\/v2\/posts\/58558","targetHints":{"allow":["GET"]}}],"collection":[{"href":"https:\/\/eldiariodesanpedro.com.ar\/sitio\/wp-json\/wp\/v2\/posts"}],"about":[{"href":"https:\/\/eldiariodesanpedro.com.ar\/sitio\/wp-json\/wp\/v2\/types\/post"}],"author":[{"embeddable":true,"href":"https:\/\/eldiariodesanpedro.com.ar\/sitio\/wp-json\/wp\/v2\/users\/4"}],"replies":[{"embeddable":true,"href":"https:\/\/eldiariodesanpedro.com.ar\/sitio\/wp-json\/wp\/v2\/comments?post=58558"}],"version-history":[{"count":1,"href":"https:\/\/eldiariodesanpedro.com.ar\/sitio\/wp-json\/wp\/v2\/posts\/58558\/revisions"}],"predecessor-version":[{"id":58565,"href":"https:\/\/eldiariodesanpedro.com.ar\/sitio\/wp-json\/wp\/v2\/posts\/58558\/revisions\/58565"}],"wp:featuredmedia":[{"embeddable":true,"href":"https:\/\/eldiariodesanpedro.com.ar\/sitio\/wp-json\/wp\/v2\/media\/58564"}],"wp:attachment":[{"href":"https:\/\/eldiariodesanpedro.com.ar\/sitio\/wp-json\/wp\/v2\/media?parent=58558"}],"wp:term":[{"taxonomy":"category","embeddable":true,"href":"https:\/\/eldiariodesanpedro.com.ar\/sitio\/wp-json\/wp\/v2\/categories?post=58558"},{"taxonomy":"post_tag","embeddable":true,"href":"https:\/\/eldiariodesanpedro.com.ar\/sitio\/wp-json\/wp\/v2\/tags?post=58558"}],"curies":[{"name":"wp","href":"https:\/\/api.w.org\/{rel}","templated":true}]}}