{"id":58553,"date":"2019-08-21T10:51:44","date_gmt":"2019-08-21T13:51:44","guid":{"rendered":"https:\/\/eldiariodesanpedro.com.ar\/sitio\/?p=58553"},"modified":"2019-08-21T10:51:48","modified_gmt":"2019-08-21T13:51:48","slug":"baradero-alsina-el-pueblo-bonaerense-que-salio-del-olvido-gracias-a-la-odisea-de-los-giles","status":"publish","type":"post","link":"https:\/\/eldiariodesanpedro.com.ar\/sitio\/baradero-alsina-el-pueblo-bonaerense-que-salio-del-olvido-gracias-a-la-odisea-de-los-giles\/","title":{"rendered":"BARADERO | Alsina: el pueblo bonaerense que sali\u00f3 del olvido gracias a La odisea de los giles"},"content":{"rendered":"<!-- VideographyWP Plugin Message: Automatic video embedding prevented by plugin options. -->\n\n<p>Hasta hace una semana,\u00a0<strong>Alsina<\/strong>\u00a0era un pueblo desconocido en la provincia de Buenos Aires, solo visitado por exploradores de lugares olvidados. A partir del estreno de La odisea de los giles, filmada all\u00ed, la realidad del pueblo cambi\u00f3 por completo. \u00abNunca pensamos que se iba a mostrar el pueblo as\u00ed; para nosotros es un orgullo haber salido en la pel\u00edcula, estamos muy movilizados\u00bb, comenta Silvio Guimmen, quien particip\u00f3 del film, como muchos de sus 1800 vecinos.<\/p>\n\n\n\n<p>\n\nHasta hace una semana, Alsina era un pueblo desconocido en la provincia de Buenos Aires, solo visitado por exploradores de lugares olvidados.&nbsp;Cr\u00e9dito: Gentileza Kocawa<\/p>\n\n\n\n<p>\u00abFue una peque\u00f1a revoluci\u00f3n, nos abrieron las puertas de sus casas, compartieron la filmaci\u00f3n\u00bb, reconoce&nbsp;Sebasti\u00e1n Borensztein, director de la pel\u00edcula&nbsp;protagonizada por&nbsp;<strong>Ricardo Dar\u00edn&nbsp;<\/strong>y&nbsp;<strong>Luis Brandoni<\/strong>, entre otros destacados actores. Se trata de la adaptaci\u00f3n de&nbsp;<em>La noche de la usina<\/em>, la premiada novela del escritor Eduardo Sacheri. \u00abAhora podemos pensar en un despegue del turismo para nuestro Alsina\u00bb, se ilusiona Silvio.<\/p>\n\n\n\n<p>\u00abCuando fuimos por primera vez y vimos la planta de silos pegada a la estaci\u00f3n de tren, supimos que este deb\u00eda ser el pueblo\u00bb, afirma Borensztein al recordar la etapa de&nbsp;<em>scouting<\/em>que sirvi\u00f3 para ambientar el film. Alsina, que est\u00e1 a 127 kil\u00f3metros de Buenos Aires dentro del partido de Baradero, en la ficci\u00f3n de Sacheri tiene el nombre de O\u2019Connor.<\/p>\n\n\n\n<p>\u00abVi el nombre en los carteles ferroviarios, hermosos, y decid\u00ed que no iba a cambi\u00e1rselo, qued\u00f3 Alsina\u00bb, afirma el director. Aquella intuici\u00f3n y otras que tienen que ver con el respeto a la idiosincrasia pueblerina han convertido la pel\u00edcula, a menos de una semana de su estreno, en un \u00e9xito en los cines de todo el pa\u00eds. \u00abTrabajamos un a\u00f1o y medio el guion con Sacheri\u00bb, aclara. <\/p>\n\n\n\n<p>\u00abCuando llegu\u00e9 este fin de semana a mi trabajo, vi una pareja de turistas; hab\u00edan ido al cine la noche anterior y llegaron por el GPS, se sacaron fotos en todos los lugares que aparecen en la pel\u00edcula\u00bb, cuenta Diego Salda\u00f1a, vecino de Alsina y trabajador ferroviario, quien tambi\u00e9n fue extra y estuvo presente en el proceso de filmaci\u00f3n. Su puesto laboral, en la estaci\u00f3n de tren, es un s\u00edmbolo dentro de\u00a0<em>La o<\/em>disea de los giles: all\u00ed se muestra a un jefe de estaci\u00f3n que mira con una resignada nostalgia que tiene mucho de bronca la formaci\u00f3n de tren carguero que pasa por las v\u00edas; el personaje es interpretado por\u00a0<strong>Daniel Ar\u00e1oz<\/strong><\/p>\n\n\n\n<p>\u00abVi el nombre en los carteles ferroviarios, hermosos, y decid\u00ed que no iba a cambi\u00e1rselo, qued\u00f3 Alsina\u00bb, afirma el director<\/p>\n\n\n\n<p>\u00abHasta hace cinco a\u00f1os paraba el tren de pasajeros y ahora solo el carguero, fue un golpe duro para nosotros\u00bb, afirma Salda\u00f1a. Su apellido es usado por un personaje en la pel\u00edcula; \u00able gust\u00f3 a Borensztein y lo puso\u00bb, dice con orgullo este ferroviario que ahora comienza a recibir a visitantes en un trabajo que, hasta hace unos d\u00edas, realizaba en soledad.<\/p>\n\n\n\n<h2 class=\"wp-block-heading\">Tranquilidad interrumpida<\/h2>\n\n\n\n<p>La tranquilidad rural de Alsina durante nueve semanas se vio interrumpida por un ej\u00e9rcito de t\u00e9cnicos, gazebos,\u00a0<em>motorhomes<\/em>, luces y algunos de los m\u00e1s conocidos actores nacionales. El elenco incluye tambi\u00e9n a Rita Cortese, Ver\u00f3nica Llin\u00e1s, Chino Dar\u00edn y Carlos Belloso.<\/p>\n\n\n\n<p>\u00abFuimos respetuosos, les dijimos que quiz\u00e1s habr\u00eda tardes que deb\u00edamos hacer algo de ruido a la hora de la siesta\u00bb, afirma Borensztein. La reacci\u00f3n de la comunidad fue amable y comprometida. \u00abNos contestaron que esos d\u00edas no iban a dormir la siesta, para acompa\u00f1ar la filmaci\u00f3n\u00bb, comenta el director, para quien la din\u00e1mica de los pueblos no es un tema menor.<\/p>\n\n\n\n<p>\u00abCuando a pap\u00e1 [el humorista Tato Bores] se le acababa el libreto de salidas, nos llevaba a lo que \u00e9l llamaba \u2018el miniturismo\u2019. Entonces all\u00ed \u00edbamos todos juntos con mis hermanos en el auto a Luj\u00e1n, Mercedes, San Antonio de Areco. Pas\u00e1bamos el d\u00eda, com\u00edamos un asado y volv\u00edamos a casa. Viv\u00edamos en un departamento chico, pap\u00e1 nos sacaba a tomar aire\u00bb, recuerda. De aquellos viajes familiares a Sebasti\u00e1n le qued\u00f3 la sensaci\u00f3n de que apenas cruzaban la General Paz \u00abel aire era otro\u00bb. Los viajes a los peque\u00f1os pueblos con Tato fueron un acierto para su mirada como director de cine. Esto se refleja en c\u00f3mo es tratada la imagen. \u00abNo quise maquillar nada, mostr\u00e9 el pueblo tal cual es\u00bb, reconoce.<\/p>\n\n\n\n<p>La pel\u00edcula se sit\u00faa en los d\u00edas previos al corralito, en plena crisis financiera de 2001. Un grupo de vecinos del pueblo se unen para formar una cooperativa y as\u00ed recuperar algo de movimiento y trabajo en una Alsina que estaba en coma. La intenci\u00f3n que tienen es volver a operar una antigua acopiadora de cereales (La Met\u00f3dica) y, para eso, cada uno pone sus \u00faltimos ahorros en d\u00f3lares. La suma es depositada en el banco del pueblo vecino (Villagrande), pero la especulaci\u00f3n y el manejo de informaci\u00f3n del gerente -que sab\u00eda lo que Cavallo anunciar\u00eda (retenci\u00f3n por parte del Estado de los fondos particulares bancarizados)- unidas a la avaricia de un abogado dan inicio a una estafa que tiene a todos los socios de la cooperativa como principales perjudicados: no pueden sacar su dinero del banco. A partir de aqu\u00ed, la pel\u00edcula cuenta la \u00abodisea\u00bb de estos \u00abgiles\u00bb para volver a hacerse de sus ahorros y as\u00ed poder levantar la vieja acopiadora de granos de pueblo.<\/p>\n\n\n\n<p>Semanas antes la producci\u00f3n hab\u00eda convocado a extras en la parroquia, las escuelas y la sala de primeros auxilios<\/p>\n\n\n\n<p>\u00abPara nosotros fue algo muy nuevo. Cre\u00edamos que iban a hacer un documental. Algunos meses antes llegaron personas del equipo de la pel\u00edcula que sacaban fotos, y cuando vimos llegar a todos no lo pudimos creer\u00bb, afirma Salda\u00f1a. Los casi tres meses de filmaci\u00f3n cambiaron la realidad de Alsina.<\/p>\n\n\n\n<p>Semanas antes la producci\u00f3n hab\u00eda convocado a extras en la parroquia, las escuelas y la sala de primeros auxilios. \u00abCorrimos la voz. Montones de vecinos trabajaron, todos los extras y personas en segundo plano son del pueblo\u00bb, afirma Borensztein. Sobre la experiencia de hacer la pel\u00edcula en Alsina, su mirada es positiva: \u00abYo me concentro mucho m\u00e1s. Puedo caminar m\u00e1s despreocupado, dejar mi mochila de filmaci\u00f3n debajo de un \u00e1rbol y saber que va a quedarse ah\u00ed. Es trabajar en un clima mucho m\u00e1s distendido, respir\u00e1s otro aire. La vista y el o\u00eddo descansan, escuch\u00e1s pajaritos y no bocinazos. Ol\u00e9s el olor del pasto, de la lluvia y de la tierra seca. Y no el humo del colectivo, y todo eso a m\u00ed me impacta mucho\u00bb, reconoce.<\/p>\n\n\n\n<h2 class=\"wp-block-heading\">Selfies<\/h2>\n\n\n\n<p>\u00abLo ve\u00edamos caminar a Dar\u00edn por el pueblo y nos daba alegr\u00eda, tratamos de ayudarlos en lo que pod\u00edamos\u00bb, afirma Silvio, quien muestra con orgullo la&nbsp;<em>selfie<\/em>&nbsp;con el actor. \u00abCuando todos tuvimos nuestras fotos con los actores, nos quedamos tranquilos\u00bb, reconoce Salda\u00f1a, quien exhibe la suya con Brandoni. Durante la filmaci\u00f3n, los actores recorr\u00edan el pueblo, interactuaban con los vecinos.<\/p>\n\n\n\n<p>\u00abCom\u00edamos juntos, Daniel Ar\u00e1oz es un gran asador\u00bb, afirma el trabajador ferroviario. La Alsina que se ve en la pel\u00edcula es la que se puede ver hoy, con su mercer\u00eda, la estaci\u00f3n de tren, los silos, el bulevar de tierra. \u00abSolo pusimos la estatua de Perlassi [el personaje de Dar\u00edn], porque la historia as\u00ed lo requer\u00eda\u00bb, afirma el director. Tambi\u00e9n se ven una laguna, que fue filmaba en Lobos, y una estaci\u00f3n de servicio, en la vecina Villa Ruiz.Lo ve\u00edamos caminar a Dar\u00edn por el pueblo y nos daba alegr\u00eda, tratamos de ayudarlos en lo que pod\u00edamos<\/p>\n\n\n\n<p>\u00abEsta historia nos cambi\u00f3 la vida para siempre\u00bb, afirma el personaje que interpreta Dar\u00edn al fin de&nbsp;<em>La o<\/em>disea de los giles, acaso sea este el resumen que sienten los pobladores de Alsina. \u00abAhora tenemos que acostumbrarnos a recibir turistas que vienen por la pel\u00edcula\u00bb, sostiene Silvio.<\/p>\n\n\n\n<p>Los extras fueron invitados a la\u00a0<em>avant premi\u00e8<\/em>re y otros se fueron a verla a Baradero o a San Pedro. Borensztein tiene la idea de llevarla para hacer una funci\u00f3n comunitaria en el Club de Alsina. \u00abLa pel\u00edcula te proporciona un b\u00e1lsamo, una justicia po\u00e9tica, alegr\u00eda por ver que algunos pocos se organizaron. Sirve para que todo el resto de los giles, que somos casi todos nosotros, excepto una docena de tipos que manejan los piolines, nos demos cuenta de que alineados detr\u00e1s de un objetivo somos tremendamente poderosos\u00bb, concluye Borensztein.<\/p>\n\n\n\n<figure class=\"wp-block-image\"><img decoding=\"async\" width=\"640\" height=\"426\" data-attachment-id=\"58555\" data-permalink=\"https:\/\/eldiariodesanpedro.com.ar\/sitio\/baradero-alsina-el-pueblo-bonaerense-que-salio-del-olvido-gracias-a-la-odisea-de-los-giles\/3081560w1033\/\" data-orig-file=\"https:\/\/eldiariodesanpedro.com.ar\/sitio\/wp-content\/uploads\/2019\/08\/3081560w1033.jpg\" data-orig-size=\"640,426\" data-comments-opened=\"1\" data-image-meta=\"{&quot;aperture&quot;:&quot;0&quot;,&quot;credit&quot;:&quot;&quot;,&quot;camera&quot;:&quot;&quot;,&quot;caption&quot;:&quot;&quot;,&quot;created_timestamp&quot;:&quot;0&quot;,&quot;copyright&quot;:&quot;&quot;,&quot;focal_length&quot;:&quot;0&quot;,&quot;iso&quot;:&quot;0&quot;,&quot;shutter_speed&quot;:&quot;0&quot;,&quot;title&quot;:&quot;&quot;,&quot;orientation&quot;:&quot;0&quot;}\" data-image-title=\"3081560w1033\" data-image-description=\"\" data-image-caption=\"\" data-large-file=\"https:\/\/eldiariodesanpedro.com.ar\/sitio\/wp-content\/uploads\/2019\/08\/3081560w1033.jpg\" data-src=\"https:\/\/eldiariodesanpedro.com.ar\/sitio\/wp-content\/uploads\/2019\/08\/3081560w1033.jpg\" alt=\"\" class=\"wp-image-58555 lazyload\" data-srcset=\"https:\/\/eldiariodesanpedro.com.ar\/sitio\/wp-content\/uploads\/2019\/08\/3081560w1033.jpg 640w, https:\/\/eldiariodesanpedro.com.ar\/sitio\/wp-content\/uploads\/2019\/08\/3081560w1033-300x200.jpg 300w\" data-sizes=\"(max-width: 640px) 100vw, 640px\" src=\"data:image\/svg+xml;base64,PHN2ZyB3aWR0aD0iMSIgaGVpZ2h0PSIxIiB4bWxucz0iaHR0cDovL3d3dy53My5vcmcvMjAwMC9zdmciPjwvc3ZnPg==\" style=\"--smush-placeholder-width: 640px; --smush-placeholder-aspect-ratio: 640\/426;\" \/><\/figure>\n\n\n\n<figure class=\"wp-block-image\"><img decoding=\"async\" width=\"640\" height=\"426\" data-attachment-id=\"58559\" data-permalink=\"https:\/\/eldiariodesanpedro.com.ar\/sitio\/baradero-alsina-el-pueblo-bonaerense-que-salio-del-olvido-gracias-a-la-odisea-de-los-giles\/3081328w1033\/\" data-orig-file=\"https:\/\/eldiariodesanpedro.com.ar\/sitio\/wp-content\/uploads\/2019\/08\/3081328w1033.jpg\" data-orig-size=\"640,426\" data-comments-opened=\"1\" data-image-meta=\"{&quot;aperture&quot;:&quot;0&quot;,&quot;credit&quot;:&quot;&quot;,&quot;camera&quot;:&quot;&quot;,&quot;caption&quot;:&quot;&quot;,&quot;created_timestamp&quot;:&quot;0&quot;,&quot;copyright&quot;:&quot;&quot;,&quot;focal_length&quot;:&quot;0&quot;,&quot;iso&quot;:&quot;0&quot;,&quot;shutter_speed&quot;:&quot;0&quot;,&quot;title&quot;:&quot;&quot;,&quot;orientation&quot;:&quot;0&quot;}\" data-image-title=\"3081328w1033\" data-image-description=\"\" data-image-caption=\"\" data-large-file=\"https:\/\/eldiariodesanpedro.com.ar\/sitio\/wp-content\/uploads\/2019\/08\/3081328w1033.jpg\" data-src=\"https:\/\/eldiariodesanpedro.com.ar\/sitio\/wp-content\/uploads\/2019\/08\/3081328w1033.jpg\" alt=\"\" class=\"wp-image-58559 lazyload\" data-srcset=\"https:\/\/eldiariodesanpedro.com.ar\/sitio\/wp-content\/uploads\/2019\/08\/3081328w1033.jpg 640w, https:\/\/eldiariodesanpedro.com.ar\/sitio\/wp-content\/uploads\/2019\/08\/3081328w1033-300x200.jpg 300w\" data-sizes=\"(max-width: 640px) 100vw, 640px\" src=\"data:image\/svg+xml;base64,PHN2ZyB3aWR0aD0iMSIgaGVpZ2h0PSIxIiB4bWxucz0iaHR0cDovL3d3dy53My5vcmcvMjAwMC9zdmciPjwvc3ZnPg==\" style=\"--smush-placeholder-width: 640px; --smush-placeholder-aspect-ratio: 640\/426;\" \/><\/figure>\n\n\n\n<p>Fuente: Baradero Hoy<\/p>\n","protected":false},"excerpt":{"rendered":"<p>Hasta hace una semana,\u00a0Alsina\u00a0era un pueblo desconocido en la provincia de Buenos Aires, solo visitado por exploradores de lugares olvidados. A partir del estreno de La odisea de los giles, filmada all\u00ed, la realidad del pueblo cambi\u00f3 por completo. \u00abNunca pensamos que se iba a mostrar el pueblo as\u00ed; para nosotros es un orgullo haber [&hellip;]<\/p>\n","protected":false},"author":4,"featured_media":58554,"comment_status":"open","ping_status":"closed","sticky":false,"template":"","format":"standard","meta":{"om_disable_all_campaigns":false,"_jetpack_memberships_contains_paid_content":false,"footnotes":""},"categories":[621],"tags":[],"class_list":["post-58553","post","type-post","status-publish","format-standard","has-post-thumbnail","hentry","category-regionales"],"aioseo_notices":[],"gutentor_comment":0,"jetpack_featured_media_url":"https:\/\/eldiariodesanpedro.com.ar\/sitio\/wp-content\/uploads\/2019\/08\/3081326w1033.jpg","jetpack_shortlink":"https:\/\/wp.me\/p6RhLt-fep","jetpack_sharing_enabled":true,"_links":{"self":[{"href":"https:\/\/eldiariodesanpedro.com.ar\/sitio\/wp-json\/wp\/v2\/posts\/58553","targetHints":{"allow":["GET"]}}],"collection":[{"href":"https:\/\/eldiariodesanpedro.com.ar\/sitio\/wp-json\/wp\/v2\/posts"}],"about":[{"href":"https:\/\/eldiariodesanpedro.com.ar\/sitio\/wp-json\/wp\/v2\/types\/post"}],"author":[{"embeddable":true,"href":"https:\/\/eldiariodesanpedro.com.ar\/sitio\/wp-json\/wp\/v2\/users\/4"}],"replies":[{"embeddable":true,"href":"https:\/\/eldiariodesanpedro.com.ar\/sitio\/wp-json\/wp\/v2\/comments?post=58553"}],"version-history":[{"count":1,"href":"https:\/\/eldiariodesanpedro.com.ar\/sitio\/wp-json\/wp\/v2\/posts\/58553\/revisions"}],"predecessor-version":[{"id":58560,"href":"https:\/\/eldiariodesanpedro.com.ar\/sitio\/wp-json\/wp\/v2\/posts\/58553\/revisions\/58560"}],"wp:featuredmedia":[{"embeddable":true,"href":"https:\/\/eldiariodesanpedro.com.ar\/sitio\/wp-json\/wp\/v2\/media\/58554"}],"wp:attachment":[{"href":"https:\/\/eldiariodesanpedro.com.ar\/sitio\/wp-json\/wp\/v2\/media?parent=58553"}],"wp:term":[{"taxonomy":"category","embeddable":true,"href":"https:\/\/eldiariodesanpedro.com.ar\/sitio\/wp-json\/wp\/v2\/categories?post=58553"},{"taxonomy":"post_tag","embeddable":true,"href":"https:\/\/eldiariodesanpedro.com.ar\/sitio\/wp-json\/wp\/v2\/tags?post=58553"}],"curies":[{"name":"wp","href":"https:\/\/api.w.org\/{rel}","templated":true}]}}