{"id":58552,"date":"2019-08-21T10:46:31","date_gmt":"2019-08-21T13:46:31","guid":{"rendered":"https:\/\/eldiariodesanpedro.com.ar\/sitio\/?p=58552"},"modified":"2019-08-21T10:46:35","modified_gmt":"2019-08-21T13:46:35","slug":"accidente-colision-entre-un-auto-y-una-moto","status":"publish","type":"post","link":"https:\/\/eldiariodesanpedro.com.ar\/sitio\/accidente-colision-entre-un-auto-y-una-moto\/","title":{"rendered":"Accidente: Colisi\u00f3n entre un auto y una moto"},"content":{"rendered":"<!-- VideographyWP Plugin Message: Automatic video embedding prevented by plugin options. -->\n\n<p>Sucedi\u00f3 este martes, un ciudadano de 53 a\u00f1os de edad que circulaba en un autom\u00f3vil colisiono con otro ciudadano de 57 que se dirig\u00eda en una motocicleta.<\/p>\n\n\n\n<p>Por causas que se tratan de establecer la colisi\u00f3n se produjo en intersecci\u00f3n de las calles Las Heras y Pellegrini.<\/p>\n\n\n\n<p>Como consecuencia el conductor del rodado menor fue trasladado por la ambulancia del SAME con heridas leves.<\/p>\n\n\n\n<p>Intervino polic\u00eda cient\u00edfica y la UFI 11 en el lugar.<\/p>\n","protected":false},"excerpt":{"rendered":"<p>Sucedi\u00f3 este martes, un ciudadano de 53 a\u00f1os de edad que circulaba en un autom\u00f3vil colisiono con otro ciudadano de 57 que se dirig\u00eda en una motocicleta. Por causas que se tratan de establecer la colisi\u00f3n se produjo en intersecci\u00f3n de las calles Las Heras y Pellegrini. Como consecuencia el conductor del rodado menor fue [&hellip;]<\/p>\n","protected":false},"author":4,"featured_media":58556,"comment_status":"open","ping_status":"closed","sticky":false,"template":"","format":"standard","meta":{"om_disable_all_campaigns":false,"_jetpack_memberships_contains_paid_content":false,"footnotes":""},"categories":[2,103],"tags":[],"class_list":["post-58552","post","type-post","status-publish","format-standard","has-post-thumbnail","hentry","category-locales","category-policiales-locales"],"aioseo_notices":[],"gutentor_comment":0,"jetpack_featured_media_url":"https:\/\/eldiariodesanpedro.com.ar\/sitio\/wp-content\/uploads\/2019\/08\/ambulancia-same-520x347.jpg","jetpack_shortlink":"https:\/\/wp.me\/p6RhLt-feo","jetpack_sharing_enabled":true,"_links":{"self":[{"href":"https:\/\/eldiariodesanpedro.com.ar\/sitio\/wp-json\/wp\/v2\/posts\/58552","targetHints":{"allow":["GET"]}}],"collection":[{"href":"https:\/\/eldiariodesanpedro.com.ar\/sitio\/wp-json\/wp\/v2\/posts"}],"about":[{"href":"https:\/\/eldiariodesanpedro.com.ar\/sitio\/wp-json\/wp\/v2\/types\/post"}],"author":[{"embeddable":true,"href":"https:\/\/eldiariodesanpedro.com.ar\/sitio\/wp-json\/wp\/v2\/users\/4"}],"replies":[{"embeddable":true,"href":"https:\/\/eldiariodesanpedro.com.ar\/sitio\/wp-json\/wp\/v2\/comments?post=58552"}],"version-history":[{"count":1,"href":"https:\/\/eldiariodesanpedro.com.ar\/sitio\/wp-json\/wp\/v2\/posts\/58552\/revisions"}],"predecessor-version":[{"id":58557,"href":"https:\/\/eldiariodesanpedro.com.ar\/sitio\/wp-json\/wp\/v2\/posts\/58552\/revisions\/58557"}],"wp:featuredmedia":[{"embeddable":true,"href":"https:\/\/eldiariodesanpedro.com.ar\/sitio\/wp-json\/wp\/v2\/media\/58556"}],"wp:attachment":[{"href":"https:\/\/eldiariodesanpedro.com.ar\/sitio\/wp-json\/wp\/v2\/media?parent=58552"}],"wp:term":[{"taxonomy":"category","embeddable":true,"href":"https:\/\/eldiariodesanpedro.com.ar\/sitio\/wp-json\/wp\/v2\/categories?post=58552"},{"taxonomy":"post_tag","embeddable":true,"href":"https:\/\/eldiariodesanpedro.com.ar\/sitio\/wp-json\/wp\/v2\/tags?post=58552"}],"curies":[{"name":"wp","href":"https:\/\/api.w.org\/{rel}","templated":true}]}}