{"id":58548,"date":"2019-08-21T10:35:19","date_gmt":"2019-08-21T13:35:19","guid":{"rendered":"https:\/\/eldiariodesanpedro.com.ar\/sitio\/?p=58548"},"modified":"2019-08-21T10:35:24","modified_gmt":"2019-08-21T13:35:24","slug":"campana-no-habria-bono-especial-para-los-municipales","status":"publish","type":"post","link":"https:\/\/eldiariodesanpedro.com.ar\/sitio\/campana-no-habria-bono-especial-para-los-municipales\/","title":{"rendered":"CAMPANA | No habr\u00eda \u201cbono especial\u201d para los Municipales"},"content":{"rendered":"<!-- VideographyWP Plugin Message: Automatic video embedding prevented by plugin options. -->\n\n<p>Fue una de las medidas econ\u00f3micas anunciadas por el Presidente Macri para los trabajadores estatales. Sin embargo, el Intendente Sebasti\u00e1n Abella se\u00f1al\u00f3 que \u201ces irresponsable\u201d el pedido aprobado por el Concejo Deliberante para concretar el pago del bono.<\/p>\n\n\n\n<p>\n\nFue durante una recorrida de obras por el barrio San Jacinto. Consultado por la prensa, el Intendente Sebasti\u00e1n Abella desliz\u00f3 que a nivel local no se pagar\u00e1 el bono de cinco mil pesos que anunciara el Presidente Mauricio Macri, como beneficio excepcional para los trabajadores estatales.<\/p>\n\n\n\n<p>Tras conocerse la noticia del bono, el Sindicato local se sum\u00f3 al pedido a trav\u00e9s de una mota enviada al Departamento Ejecutivo. Sin embargo, Abella rechaz\u00f3 esa posibilidad al se\u00f1alar que \u201cno lo tenemos en el Presupuesto y ser\u00eda poco serio poder decir que s\u00ed, porque las finanzas del Municipio ya est\u00e1n programadas y ordenadas, y ya tenemos un bono de fin de a\u00f1o que vamos a otorgar como todos los a\u00f1os\u201d.<\/p>\n\n\n\n<p>Entonces, el Jefe Comunal habl\u00f3 de \u201cirresponsabilidades\u201d. Por un lado, en la que caer\u00eda el Municipio al comprometerse con el pago del bono sin contar con los fondos correspondientes. Y aprovech\u00f3 para cuestionar al gremio, y tildar tambi\u00e9n de irresponsable el pedido efectuado. \u201cEl Sindicato hace pol\u00edtica\u2026 no s\u00e9 si trabaja para los trabajadores, o para que la fuerza pol\u00edtica que ellos representan vuelva al Municipio. Y utilizan a los empleados municipales en este pedido\u201d, asegur\u00f3.<\/p>\n\n\n\n<p>En este sentido, el Intendente se\u00f1al\u00f3 que en Septiembre reabrir\u00e1 la mesa paritaria, la cual defini\u00f3 como \u201cel \u00e1mbito para hablar de la mejora salarial\u201d, y s\u00ed confirm\u00f3 el pago del bono de fin de a\u00f1o, el cual est\u00e1 contemplado dentro del presupuesto, aunque no anticip\u00f3 montos. \u201cPara nosotros es un derecho adquirido de todos los trabajadores y lo vamos a dar como corresponde\u201d, finaliz\u00f3. <\/p>\n\n\n\n<p>Fuente: Campana Noticias<\/p>\n\n\n\n<p><br><\/p>\n","protected":false},"excerpt":{"rendered":"<p>Fue una de las medidas econ\u00f3micas anunciadas por el Presidente Macri para los trabajadores estatales. Sin embargo, el Intendente Sebasti\u00e1n Abella se\u00f1al\u00f3 que \u201ces irresponsable\u201d el pedido aprobado por el Concejo Deliberante para concretar el pago del bono. Fue durante una recorrida de obras por el barrio San Jacinto. Consultado por la prensa, el Intendente [&hellip;]<\/p>\n","protected":false},"author":4,"featured_media":58549,"comment_status":"open","ping_status":"closed","sticky":false,"template":"","format":"standard","meta":{"om_disable_all_campaigns":false,"_jetpack_memberships_contains_paid_content":false,"footnotes":""},"categories":[621],"tags":[],"class_list":["post-58548","post","type-post","status-publish","format-standard","has-post-thumbnail","hentry","category-regionales"],"aioseo_notices":[],"gutentor_comment":0,"jetpack_featured_media_url":"https:\/\/eldiariodesanpedro.com.ar\/sitio\/wp-content\/uploads\/2019\/08\/20190821093537.jpg","jetpack_shortlink":"https:\/\/wp.me\/p6RhLt-fek","jetpack_sharing_enabled":true,"_links":{"self":[{"href":"https:\/\/eldiariodesanpedro.com.ar\/sitio\/wp-json\/wp\/v2\/posts\/58548","targetHints":{"allow":["GET"]}}],"collection":[{"href":"https:\/\/eldiariodesanpedro.com.ar\/sitio\/wp-json\/wp\/v2\/posts"}],"about":[{"href":"https:\/\/eldiariodesanpedro.com.ar\/sitio\/wp-json\/wp\/v2\/types\/post"}],"author":[{"embeddable":true,"href":"https:\/\/eldiariodesanpedro.com.ar\/sitio\/wp-json\/wp\/v2\/users\/4"}],"replies":[{"embeddable":true,"href":"https:\/\/eldiariodesanpedro.com.ar\/sitio\/wp-json\/wp\/v2\/comments?post=58548"}],"version-history":[{"count":1,"href":"https:\/\/eldiariodesanpedro.com.ar\/sitio\/wp-json\/wp\/v2\/posts\/58548\/revisions"}],"predecessor-version":[{"id":58550,"href":"https:\/\/eldiariodesanpedro.com.ar\/sitio\/wp-json\/wp\/v2\/posts\/58548\/revisions\/58550"}],"wp:featuredmedia":[{"embeddable":true,"href":"https:\/\/eldiariodesanpedro.com.ar\/sitio\/wp-json\/wp\/v2\/media\/58549"}],"wp:attachment":[{"href":"https:\/\/eldiariodesanpedro.com.ar\/sitio\/wp-json\/wp\/v2\/media?parent=58548"}],"wp:term":[{"taxonomy":"category","embeddable":true,"href":"https:\/\/eldiariodesanpedro.com.ar\/sitio\/wp-json\/wp\/v2\/categories?post=58548"},{"taxonomy":"post_tag","embeddable":true,"href":"https:\/\/eldiariodesanpedro.com.ar\/sitio\/wp-json\/wp\/v2\/tags?post=58548"}],"curies":[{"name":"wp","href":"https:\/\/api.w.org\/{rel}","templated":true}]}}