{"id":58545,"date":"2019-08-21T10:33:55","date_gmt":"2019-08-21T13:33:55","guid":{"rendered":"https:\/\/eldiariodesanpedro.com.ar\/sitio\/?p=58545"},"modified":"2019-08-21T10:33:59","modified_gmt":"2019-08-21T13:33:59","slug":"baradero-la-policia-realiza-rastrillajes-en-busca-de-stella-maris","status":"publish","type":"post","link":"https:\/\/eldiariodesanpedro.com.ar\/sitio\/baradero-la-policia-realiza-rastrillajes-en-busca-de-stella-maris\/","title":{"rendered":"BARADERO | La polic\u00eda realiza rastrillajes en busca de Stella Maris"},"content":{"rendered":"<!-- VideographyWP Plugin Message: Automatic video embedding prevented by plugin options. -->\n\n<p>Rastrillajes en la b\u00fasqueda de Stella Maris Ramirez, desaparecida el pasado 2 de Agosto, la polic\u00eda y el fiscal Dr Araoz, requisan lugar denominado el quemado, sobre camino Baradero.<\/p>\n\n\n\n<p>La pareja de la joven de 26 a\u00f1os, se encuentra aprehendido y se neg\u00f3 a declarar, la b\u00fasqueda es intensiva, y datos que dan cuenta como la prueba de Luminol , de manchas de sangre, se trata de establecer a quien pertenecen, como otras pruebas que son de rigor y podr\u00eda dar cuenta que pasa con Stella Maris.<\/p>\n\n\n\n<p><strong>Fuente:&nbsp;<\/strong>Noticias Z\u00e1rate Alerta&nbsp;<\/p>\n","protected":false},"excerpt":{"rendered":"<p>Rastrillajes en la b\u00fasqueda de Stella Maris Ramirez, desaparecida el pasado 2 de Agosto, la polic\u00eda y el fiscal Dr Araoz, requisan lugar denominado el quemado, sobre camino Baradero. La pareja de la joven de 26 a\u00f1os, se encuentra aprehendido y se neg\u00f3 a declarar, la b\u00fasqueda es intensiva, y datos que dan cuenta como [&hellip;]<\/p>\n","protected":false},"author":4,"featured_media":58546,"comment_status":"open","ping_status":"closed","sticky":false,"template":"","format":"standard","meta":{"om_disable_all_campaigns":false,"_jetpack_memberships_contains_paid_content":false,"footnotes":""},"categories":[621],"tags":[],"class_list":["post-58545","post","type-post","status-publish","format-standard","has-post-thumbnail","hentry","category-regionales"],"aioseo_notices":[],"gutentor_comment":0,"jetpack_featured_media_url":"https:\/\/eldiariodesanpedro.com.ar\/sitio\/wp-content\/uploads\/2019\/08\/rastrillaje-3-1.jpg","jetpack_shortlink":"https:\/\/wp.me\/p6RhLt-feh","jetpack_sharing_enabled":true,"_links":{"self":[{"href":"https:\/\/eldiariodesanpedro.com.ar\/sitio\/wp-json\/wp\/v2\/posts\/58545","targetHints":{"allow":["GET"]}}],"collection":[{"href":"https:\/\/eldiariodesanpedro.com.ar\/sitio\/wp-json\/wp\/v2\/posts"}],"about":[{"href":"https:\/\/eldiariodesanpedro.com.ar\/sitio\/wp-json\/wp\/v2\/types\/post"}],"author":[{"embeddable":true,"href":"https:\/\/eldiariodesanpedro.com.ar\/sitio\/wp-json\/wp\/v2\/users\/4"}],"replies":[{"embeddable":true,"href":"https:\/\/eldiariodesanpedro.com.ar\/sitio\/wp-json\/wp\/v2\/comments?post=58545"}],"version-history":[{"count":1,"href":"https:\/\/eldiariodesanpedro.com.ar\/sitio\/wp-json\/wp\/v2\/posts\/58545\/revisions"}],"predecessor-version":[{"id":58547,"href":"https:\/\/eldiariodesanpedro.com.ar\/sitio\/wp-json\/wp\/v2\/posts\/58545\/revisions\/58547"}],"wp:featuredmedia":[{"embeddable":true,"href":"https:\/\/eldiariodesanpedro.com.ar\/sitio\/wp-json\/wp\/v2\/media\/58546"}],"wp:attachment":[{"href":"https:\/\/eldiariodesanpedro.com.ar\/sitio\/wp-json\/wp\/v2\/media?parent=58545"}],"wp:term":[{"taxonomy":"category","embeddable":true,"href":"https:\/\/eldiariodesanpedro.com.ar\/sitio\/wp-json\/wp\/v2\/categories?post=58545"},{"taxonomy":"post_tag","embeddable":true,"href":"https:\/\/eldiariodesanpedro.com.ar\/sitio\/wp-json\/wp\/v2\/tags?post=58545"}],"curies":[{"name":"wp","href":"https:\/\/api.w.org\/{rel}","templated":true}]}}