{"id":58542,"date":"2019-08-21T10:31:51","date_gmt":"2019-08-21T13:31:51","guid":{"rendered":"https:\/\/eldiariodesanpedro.com.ar\/sitio\/?p=58542"},"modified":"2019-08-21T10:31:55","modified_gmt":"2019-08-21T13:31:55","slug":"preocupacion-por-parte-de-los-beneficiarios-de-los-creditos-uva","status":"publish","type":"post","link":"https:\/\/eldiariodesanpedro.com.ar\/sitio\/preocupacion-por-parte-de-los-beneficiarios-de-los-creditos-uva\/","title":{"rendered":"Preocupaci\u00f3n por parte de los beneficiarios de los cr\u00e9ditos UVA"},"content":{"rendered":"<!-- VideographyWP Plugin Message: Automatic video embedding prevented by plugin options. -->\n\n<p>\n\nEl grupo de beneficiarios de las viviendas del PROCREAR mantienen incertidumbre tras las cuotas a abonar por el cr\u00e9dito hipotecario UVA.<\/p>\n\n\n\n<p>La preocupaci\u00f3n comenz\u00f3 con el alza del d\u00f3lar. Beneficiarios aseguran: \u201cHoy lo podemos pagar ,ma\u00f1ana no se\u201d.<\/p>\n\n\n\n<p>D\u00edas atr\u00e1s el presidente de los argentinos Mauricio Macri, anunciaba el congelamiento de los cr\u00e9ditos, manifestando que \u201cpara acompa\u00f1ar a quienes compraron su casa a trav\u00e9s de un cr\u00e9dito hipotecario UVA. Estamos manteniendo el valor de sus cuotas por cuatro meses. Hasta diciembre, la cuota que pagan ser\u00e1 igual a la que pagaron en agosto.<\/p>\n\n\n\n<p>Desde los autoconvocados aseguran que hasta el d\u00eda de la fecha los bancos no les han confirmado dicho anuncio.<\/p>\n\n\n\n<p>\u201cVamos a pagar una casa 4 millones de pesos cuando vale 2 millones\u201d reflexionaron los beneficiarios. El contrato que firmaron distintas familias nicole\u00f1as est\u00e1 sujeto al valor del d\u00f3lar no de un monto fijo. Lo que les hace desconocer el valor concreto a pagar de su vivienda<\/p>\n\n\n\n<p>En este sentido el estado se har\u00eda cargo de la diferencia a abonar por un periodo de cuatro meses. Luego el a\u00f1o entrante se discutir\u00eda el presupuesto y se ver\u00eda como continuar ayudando a las m\u00e1s de 60 mil familias que dependen de este cr\u00e9dito. <\/p>\n\n\n\n<p>Fuente: Diario El Informante<\/p>\n","protected":false},"excerpt":{"rendered":"<p>El grupo de beneficiarios de las viviendas del PROCREAR mantienen incertidumbre tras las cuotas a abonar por el cr\u00e9dito hipotecario UVA. La preocupaci\u00f3n comenz\u00f3 con el alza del d\u00f3lar. Beneficiarios aseguran: \u201cHoy lo podemos pagar ,ma\u00f1ana no se\u201d. D\u00edas atr\u00e1s el presidente de los argentinos Mauricio Macri, anunciaba el congelamiento de los cr\u00e9ditos, manifestando que [&hellip;]<\/p>\n","protected":false},"author":4,"featured_media":58543,"comment_status":"open","ping_status":"closed","sticky":false,"template":"","format":"standard","meta":{"om_disable_all_campaigns":false,"_jetpack_memberships_contains_paid_content":false,"footnotes":""},"categories":[621],"tags":[],"class_list":["post-58542","post","type-post","status-publish","format-standard","has-post-thumbnail","hentry","category-regionales"],"aioseo_notices":[],"gutentor_comment":0,"jetpack_featured_media_url":"https:\/\/eldiariodesanpedro.com.ar\/sitio\/wp-content\/uploads\/2019\/08\/conmarca21670.jpg","jetpack_shortlink":"https:\/\/wp.me\/p6RhLt-fee","jetpack_sharing_enabled":true,"_links":{"self":[{"href":"https:\/\/eldiariodesanpedro.com.ar\/sitio\/wp-json\/wp\/v2\/posts\/58542","targetHints":{"allow":["GET"]}}],"collection":[{"href":"https:\/\/eldiariodesanpedro.com.ar\/sitio\/wp-json\/wp\/v2\/posts"}],"about":[{"href":"https:\/\/eldiariodesanpedro.com.ar\/sitio\/wp-json\/wp\/v2\/types\/post"}],"author":[{"embeddable":true,"href":"https:\/\/eldiariodesanpedro.com.ar\/sitio\/wp-json\/wp\/v2\/users\/4"}],"replies":[{"embeddable":true,"href":"https:\/\/eldiariodesanpedro.com.ar\/sitio\/wp-json\/wp\/v2\/comments?post=58542"}],"version-history":[{"count":1,"href":"https:\/\/eldiariodesanpedro.com.ar\/sitio\/wp-json\/wp\/v2\/posts\/58542\/revisions"}],"predecessor-version":[{"id":58544,"href":"https:\/\/eldiariodesanpedro.com.ar\/sitio\/wp-json\/wp\/v2\/posts\/58542\/revisions\/58544"}],"wp:featuredmedia":[{"embeddable":true,"href":"https:\/\/eldiariodesanpedro.com.ar\/sitio\/wp-json\/wp\/v2\/media\/58543"}],"wp:attachment":[{"href":"https:\/\/eldiariodesanpedro.com.ar\/sitio\/wp-json\/wp\/v2\/media?parent=58542"}],"wp:term":[{"taxonomy":"category","embeddable":true,"href":"https:\/\/eldiariodesanpedro.com.ar\/sitio\/wp-json\/wp\/v2\/categories?post=58542"},{"taxonomy":"post_tag","embeddable":true,"href":"https:\/\/eldiariodesanpedro.com.ar\/sitio\/wp-json\/wp\/v2\/tags?post=58542"}],"curies":[{"name":"wp","href":"https:\/\/api.w.org\/{rel}","templated":true}]}}