{"id":58536,"date":"2019-08-21T10:30:08","date_gmt":"2019-08-21T13:30:08","guid":{"rendered":"https:\/\/eldiariodesanpedro.com.ar\/sitio\/?p=58536"},"modified":"2019-08-21T10:30:12","modified_gmt":"2019-08-21T13:30:12","slug":"sancionaran-a-los-comercios-que-no-trasladen-la-baja-del-iva-a-los-productos-basicos","status":"publish","type":"post","link":"https:\/\/eldiariodesanpedro.com.ar\/sitio\/sancionaran-a-los-comercios-que-no-trasladen-la-baja-del-iva-a-los-productos-basicos\/","title":{"rendered":"Sancionar\u00e1n a los comercios que no trasladen la baja del IVA a los productos b\u00e1sicos"},"content":{"rendered":"<!-- VideographyWP Plugin Message: Automatic video embedding prevented by plugin options. -->\n\n<p>El director nacional de Defensa del Consumidor, Fernando Blanco Mui\u00f1o, advirti\u00f3 que no deber\u00edan faltar productos en g\u00f3ndola\u00bb porque los supermercados \u00abno tienen limitaci\u00f3n de disponibilidad de stocks y hay capacidad interna de producci\u00f3n\u00bb.<\/p>\n\n\n\n<p>El director nacional de Defensa del Consumidor, Fernando Blanco Mui\u00f1o, advirti\u00f3 hoy que se sancionar\u00e1 a los comercios que incrementen su rentabilidad en vez de trasladar la baja del IVA al precio final de 13 productos de la canasta b\u00e1sica.<\/p>\n\n\n\n<p>El objetivo de la medida adoptada por el Gobierno nacional \u00abno es generar mejor condiciones para la comercializaci\u00f3n, sino para la compra de los consumidores\u00bb, dijo Blanco Mui\u00f1o en declaraciones a radio La Red.<\/p>\n\n\n\n<p>Entre las 6 y las 8 horas de cada d\u00eda, explic\u00f3 el director, \u00abtodas las cadenas informan precios para todos sus puntos de venta, y a partir de la informaci\u00f3n hist\u00f3rica y la nueva se van a hacer los controles para que la baja de la carga tributaria no vaya a rentabilidad\u00bb.<\/p>\n\n\n\n<p>Seg\u00fan el funcionario \u00abno deber\u00edan faltar productos en g\u00f3ndola\u00bb porque los supermercados \u00abno tienen limitaci\u00f3n de disponibilidad de stocks y hay capacidad interna de producci\u00f3n\u00bb.<\/p>\n\n\n\n<p>Blanco Mui\u00f1o justific\u00f3 la no inclusi\u00f3n de carnes, frutas y verduras, ya que al ser productos frescos y estacionales \u00abes m\u00e1s dif\u00edcil el control\u00bb, aunque admiti\u00f3 que est\u00e1n en estudio medidas para productos de higiene y limpieza.<\/p>\n\n\n\n<p><strong>Fuente:&nbsp;<\/strong>Noticias Z\u00e1rate Alerta&nbsp;<\/p>\n","protected":false},"excerpt":{"rendered":"<p>El director nacional de Defensa del Consumidor, Fernando Blanco Mui\u00f1o, advirti\u00f3 que no deber\u00edan faltar productos en g\u00f3ndola\u00bb porque los supermercados \u00abno tienen limitaci\u00f3n de disponibilidad de stocks y hay capacidad interna de producci\u00f3n\u00bb. El director nacional de Defensa del Consumidor, Fernando Blanco Mui\u00f1o, advirti\u00f3 hoy que se sancionar\u00e1 a los comercios que incrementen su [&hellip;]<\/p>\n","protected":false},"author":4,"featured_media":58538,"comment_status":"open","ping_status":"closed","sticky":false,"template":"","format":"standard","meta":{"om_disable_all_campaigns":false,"_jetpack_memberships_contains_paid_content":false,"footnotes":""},"categories":[621],"tags":[],"class_list":["post-58536","post","type-post","status-publish","format-standard","has-post-thumbnail","hentry","category-regionales"],"aioseo_notices":[],"gutentor_comment":0,"jetpack_featured_media_url":"https:\/\/eldiariodesanpedro.com.ar\/sitio\/wp-content\/uploads\/2019\/08\/supermercado-gondolas.jpg","jetpack_shortlink":"https:\/\/wp.me\/p6RhLt-fe8","jetpack_sharing_enabled":true,"_links":{"self":[{"href":"https:\/\/eldiariodesanpedro.com.ar\/sitio\/wp-json\/wp\/v2\/posts\/58536","targetHints":{"allow":["GET"]}}],"collection":[{"href":"https:\/\/eldiariodesanpedro.com.ar\/sitio\/wp-json\/wp\/v2\/posts"}],"about":[{"href":"https:\/\/eldiariodesanpedro.com.ar\/sitio\/wp-json\/wp\/v2\/types\/post"}],"author":[{"embeddable":true,"href":"https:\/\/eldiariodesanpedro.com.ar\/sitio\/wp-json\/wp\/v2\/users\/4"}],"replies":[{"embeddable":true,"href":"https:\/\/eldiariodesanpedro.com.ar\/sitio\/wp-json\/wp\/v2\/comments?post=58536"}],"version-history":[{"count":1,"href":"https:\/\/eldiariodesanpedro.com.ar\/sitio\/wp-json\/wp\/v2\/posts\/58536\/revisions"}],"predecessor-version":[{"id":58540,"href":"https:\/\/eldiariodesanpedro.com.ar\/sitio\/wp-json\/wp\/v2\/posts\/58536\/revisions\/58540"}],"wp:featuredmedia":[{"embeddable":true,"href":"https:\/\/eldiariodesanpedro.com.ar\/sitio\/wp-json\/wp\/v2\/media\/58538"}],"wp:attachment":[{"href":"https:\/\/eldiariodesanpedro.com.ar\/sitio\/wp-json\/wp\/v2\/media?parent=58536"}],"wp:term":[{"taxonomy":"category","embeddable":true,"href":"https:\/\/eldiariodesanpedro.com.ar\/sitio\/wp-json\/wp\/v2\/categories?post=58536"},{"taxonomy":"post_tag","embeddable":true,"href":"https:\/\/eldiariodesanpedro.com.ar\/sitio\/wp-json\/wp\/v2\/tags?post=58536"}],"curies":[{"name":"wp","href":"https:\/\/api.w.org\/{rel}","templated":true}]}}