{"id":58534,"date":"2019-08-21T10:11:29","date_gmt":"2019-08-21T13:11:29","guid":{"rendered":"https:\/\/eldiariodesanpedro.com.ar\/sitio\/?p=58534"},"modified":"2019-08-21T10:11:34","modified_gmt":"2019-08-21T13:11:34","slug":"denuncian-el-robo-en-un-complejo","status":"publish","type":"post","link":"https:\/\/eldiariodesanpedro.com.ar\/sitio\/denuncian-el-robo-en-un-complejo\/","title":{"rendered":"Denuncian el robo en un complejo"},"content":{"rendered":"<!-- VideographyWP Plugin Message: Automatic video embedding prevented by plugin options. -->\n\n<p>La denuncia fue radicada este martes por un ciudadano de 38 a\u00f1os de edad, siendo propietario del lugar, d\u00e1ndose cuenta del faltante de cocina tipo anafe el\u00e9ctrica pero sospecha que fue sustra\u00edda hace tiempo atr\u00e1s.<\/p>\n\n\n\n<p>El complejo se encuentra ubicado sobre Lucio Mansilla al 5500, delincuentes ignorados ingresaron sin violencia.<\/p>\n\n\n\n<p>Interviene la fiscalia en turno.<br><\/p>\n","protected":false},"excerpt":{"rendered":"<p>La denuncia fue radicada este martes por un ciudadano de 38 a\u00f1os de edad, siendo propietario del lugar, d\u00e1ndose cuenta del faltante de cocina tipo anafe el\u00e9ctrica pero sospecha que fue sustra\u00edda hace tiempo atr\u00e1s. El complejo se encuentra ubicado sobre Lucio Mansilla al 5500, delincuentes ignorados ingresaron sin violencia. Interviene la fiscalia en turno.<\/p>\n","protected":false},"author":4,"featured_media":57215,"comment_status":"open","ping_status":"closed","sticky":false,"template":"","format":"standard","meta":{"om_disable_all_campaigns":false,"_jetpack_memberships_contains_paid_content":false,"footnotes":""},"categories":[2,103],"tags":[],"class_list":["post-58534","post","type-post","status-publish","format-standard","has-post-thumbnail","hentry","category-locales","category-policiales-locales"],"aioseo_notices":[],"gutentor_comment":0,"jetpack_featured_media_url":"https:\/\/eldiariodesanpedro.com.ar\/sitio\/wp-content\/uploads\/2019\/07\/comisaria_1.jpg","jetpack_shortlink":"https:\/\/wp.me\/p6RhLt-fe6","jetpack_sharing_enabled":true,"_links":{"self":[{"href":"https:\/\/eldiariodesanpedro.com.ar\/sitio\/wp-json\/wp\/v2\/posts\/58534","targetHints":{"allow":["GET"]}}],"collection":[{"href":"https:\/\/eldiariodesanpedro.com.ar\/sitio\/wp-json\/wp\/v2\/posts"}],"about":[{"href":"https:\/\/eldiariodesanpedro.com.ar\/sitio\/wp-json\/wp\/v2\/types\/post"}],"author":[{"embeddable":true,"href":"https:\/\/eldiariodesanpedro.com.ar\/sitio\/wp-json\/wp\/v2\/users\/4"}],"replies":[{"embeddable":true,"href":"https:\/\/eldiariodesanpedro.com.ar\/sitio\/wp-json\/wp\/v2\/comments?post=58534"}],"version-history":[{"count":1,"href":"https:\/\/eldiariodesanpedro.com.ar\/sitio\/wp-json\/wp\/v2\/posts\/58534\/revisions"}],"predecessor-version":[{"id":58535,"href":"https:\/\/eldiariodesanpedro.com.ar\/sitio\/wp-json\/wp\/v2\/posts\/58534\/revisions\/58535"}],"wp:featuredmedia":[{"embeddable":true,"href":"https:\/\/eldiariodesanpedro.com.ar\/sitio\/wp-json\/wp\/v2\/media\/57215"}],"wp:attachment":[{"href":"https:\/\/eldiariodesanpedro.com.ar\/sitio\/wp-json\/wp\/v2\/media?parent=58534"}],"wp:term":[{"taxonomy":"category","embeddable":true,"href":"https:\/\/eldiariodesanpedro.com.ar\/sitio\/wp-json\/wp\/v2\/categories?post=58534"},{"taxonomy":"post_tag","embeddable":true,"href":"https:\/\/eldiariodesanpedro.com.ar\/sitio\/wp-json\/wp\/v2\/tags?post=58534"}],"curies":[{"name":"wp","href":"https:\/\/api.w.org\/{rel}","templated":true}]}}