{"id":58528,"date":"2019-08-21T10:02:42","date_gmt":"2019-08-21T13:02:42","guid":{"rendered":"https:\/\/eldiariodesanpedro.com.ar\/sitio\/?p=58528"},"modified":"2019-08-21T10:02:46","modified_gmt":"2019-08-21T13:02:46","slug":"aprehendido-por-amenazar-a-un-comerciante","status":"publish","type":"post","link":"https:\/\/eldiariodesanpedro.com.ar\/sitio\/aprehendido-por-amenazar-a-un-comerciante\/","title":{"rendered":"Aprehendido por amenazar a un comerciante"},"content":{"rendered":"<!-- VideographyWP Plugin Message: Automatic video embedding prevented by plugin options. -->\n\n<p>Sucedi\u00f3 por la noche de este martes cuando un ciudadano de manera hostil amenazo al propietario de un supermercado chino.<\/p>\n\n\n\n<p>Personal policial tras ser alertado por un llamado al 911, acudi\u00f3 a intersecci\u00f3n de las calle Olivera Cesar y Rivadavia, trat\u00e1ndose de un local de supermercado de origen chino donde un sujeto se encontraba amenazando al propietario.<\/p>\n\n\n\n<p>Se procedi\u00f3 a la aprehensi\u00f3n del agresor quedando alojado en la comisaria local a la espera de la fiscalia en turno.<br><\/p>\n","protected":false},"excerpt":{"rendered":"<p>Sucedi\u00f3 por la noche de este martes cuando un ciudadano de manera hostil amenazo al propietario de un supermercado chino. Personal policial tras ser alertado por un llamado al 911, acudi\u00f3 a intersecci\u00f3n de las calle Olivera Cesar y Rivadavia, trat\u00e1ndose de un local de supermercado de origen chino donde un sujeto se encontraba amenazando [&hellip;]<\/p>\n","protected":false},"author":4,"featured_media":58532,"comment_status":"open","ping_status":"closed","sticky":false,"template":"","format":"standard","meta":{"om_disable_all_campaigns":false,"_jetpack_memberships_contains_paid_content":false,"footnotes":""},"categories":[2,103],"tags":[],"class_list":["post-58528","post","type-post","status-publish","format-standard","has-post-thumbnail","hentry","category-locales","category-policiales-locales"],"aioseo_notices":[],"gutentor_comment":0,"jetpack_featured_media_url":"https:\/\/eldiariodesanpedro.com.ar\/sitio\/wp-content\/uploads\/2019\/08\/policia_detenido06.jpg","jetpack_shortlink":"https:\/\/wp.me\/p6RhLt-fe0","jetpack_sharing_enabled":true,"_links":{"self":[{"href":"https:\/\/eldiariodesanpedro.com.ar\/sitio\/wp-json\/wp\/v2\/posts\/58528","targetHints":{"allow":["GET"]}}],"collection":[{"href":"https:\/\/eldiariodesanpedro.com.ar\/sitio\/wp-json\/wp\/v2\/posts"}],"about":[{"href":"https:\/\/eldiariodesanpedro.com.ar\/sitio\/wp-json\/wp\/v2\/types\/post"}],"author":[{"embeddable":true,"href":"https:\/\/eldiariodesanpedro.com.ar\/sitio\/wp-json\/wp\/v2\/users\/4"}],"replies":[{"embeddable":true,"href":"https:\/\/eldiariodesanpedro.com.ar\/sitio\/wp-json\/wp\/v2\/comments?post=58528"}],"version-history":[{"count":1,"href":"https:\/\/eldiariodesanpedro.com.ar\/sitio\/wp-json\/wp\/v2\/posts\/58528\/revisions"}],"predecessor-version":[{"id":58533,"href":"https:\/\/eldiariodesanpedro.com.ar\/sitio\/wp-json\/wp\/v2\/posts\/58528\/revisions\/58533"}],"wp:featuredmedia":[{"embeddable":true,"href":"https:\/\/eldiariodesanpedro.com.ar\/sitio\/wp-json\/wp\/v2\/media\/58532"}],"wp:attachment":[{"href":"https:\/\/eldiariodesanpedro.com.ar\/sitio\/wp-json\/wp\/v2\/media?parent=58528"}],"wp:term":[{"taxonomy":"category","embeddable":true,"href":"https:\/\/eldiariodesanpedro.com.ar\/sitio\/wp-json\/wp\/v2\/categories?post=58528"},{"taxonomy":"post_tag","embeddable":true,"href":"https:\/\/eldiariodesanpedro.com.ar\/sitio\/wp-json\/wp\/v2\/tags?post=58528"}],"curies":[{"name":"wp","href":"https:\/\/api.w.org\/{rel}","templated":true}]}}