{"id":58522,"date":"2019-08-21T08:57:05","date_gmt":"2019-08-21T11:57:05","guid":{"rendered":"https:\/\/eldiariodesanpedro.com.ar\/sitio\/?p=58522"},"modified":"2019-08-21T08:57:09","modified_gmt":"2019-08-21T11:57:09","slug":"frente-de-todos-alberto-fernandez-recibio-a-ester-noat","status":"publish","type":"post","link":"https:\/\/eldiariodesanpedro.com.ar\/sitio\/frente-de-todos-alberto-fernandez-recibio-a-ester-noat\/","title":{"rendered":"Frente de Todos: Alberto Fern\u00e1ndez recibi\u00f3 a Ester Noat"},"content":{"rendered":"<!-- VideographyWP Plugin Message: Automatic video embedding prevented by plugin options. -->\n\n<p>Por la noche del martes, la candidata a Intendente Ester Noat mantuvo una reuni\u00f3n privada con el candidato a presidente por el Frente de Todos Alberto Fern\u00e1ndez. <\/p>\n\n\n\n<p>El encuentro tuvo lugar en Capital Federal minutos antes de comenzar la entrevista que Fernandez brind\u00f3 al programa period\u00edstico Telenoche del Canal 13.<\/p>\n\n\n\n<p> \u00abHablamos sobre los resultados de\u00a0 las PASO y le pedimos que vaya a San Pedro, dijo que s\u00ed, por lo que tenemos gran expectativa con su posible visita; pude\u00a0 explicarle la situaci\u00f3n del puerto y  pedirle que me contacte con los asesores sobre pol\u00edtica portuaria porque ser\u00e1 un tema prioritario en mi gesti\u00f3n\u00bb, confirm\u00f3 Noat. <br><\/p>\n\n\n\n<p>Fern\u00e1ndez comprometi\u00f3 el acercamiento de sus equipos t\u00e9cnicos a la situaci\u00f3n de San Pedro y por ello tambi\u00e9n Ester dialog\u00f3 con el ex gobernador Felipe Sol\u00e1, y especialmente con Santiago Cafiero, con quien se explay\u00f3 sobre las distintas problem\u00e1ticas de la ciudad, especialmente el grave contexto laboral. <\/p>\n\n\n\n<p>La agenda de la candidata sampedrina\u00a0 contin\u00faa hoy con el encuentro que se producir\u00e1 en Avellaneda entre intendentes y candidatos peronistas, y Axel Kicillof.<\/p>\n","protected":false},"excerpt":{"rendered":"<p>Por la noche del martes, la candidata a Intendente Ester Noat mantuvo una reuni\u00f3n privada con el candidato a presidente por el Frente de Todos Alberto Fern\u00e1ndez. El encuentro tuvo lugar en Capital Federal minutos antes de comenzar la entrevista que Fernandez brind\u00f3 al programa period\u00edstico Telenoche del Canal 13. \u00abHablamos sobre los resultados de\u00a0 [&hellip;]<\/p>\n","protected":false},"author":4,"featured_media":58523,"comment_status":"open","ping_status":"closed","sticky":false,"template":"","format":"standard","meta":{"om_disable_all_campaigns":false,"_jetpack_memberships_contains_paid_content":false,"footnotes":""},"categories":[2,102],"tags":[],"class_list":["post-58522","post","type-post","status-publish","format-standard","has-post-thumbnail","hentry","category-locales","category-politica-locales"],"aioseo_notices":[],"gutentor_comment":0,"jetpack_featured_media_url":"https:\/\/eldiariodesanpedro.com.ar\/sitio\/wp-content\/uploads\/2019\/08\/WhatsApp-Image-2019-08-21-at-8.01.48-AM.jpeg","jetpack_shortlink":"https:\/\/wp.me\/p6RhLt-fdU","jetpack_sharing_enabled":true,"_links":{"self":[{"href":"https:\/\/eldiariodesanpedro.com.ar\/sitio\/wp-json\/wp\/v2\/posts\/58522","targetHints":{"allow":["GET"]}}],"collection":[{"href":"https:\/\/eldiariodesanpedro.com.ar\/sitio\/wp-json\/wp\/v2\/posts"}],"about":[{"href":"https:\/\/eldiariodesanpedro.com.ar\/sitio\/wp-json\/wp\/v2\/types\/post"}],"author":[{"embeddable":true,"href":"https:\/\/eldiariodesanpedro.com.ar\/sitio\/wp-json\/wp\/v2\/users\/4"}],"replies":[{"embeddable":true,"href":"https:\/\/eldiariodesanpedro.com.ar\/sitio\/wp-json\/wp\/v2\/comments?post=58522"}],"version-history":[{"count":1,"href":"https:\/\/eldiariodesanpedro.com.ar\/sitio\/wp-json\/wp\/v2\/posts\/58522\/revisions"}],"predecessor-version":[{"id":58524,"href":"https:\/\/eldiariodesanpedro.com.ar\/sitio\/wp-json\/wp\/v2\/posts\/58522\/revisions\/58524"}],"wp:featuredmedia":[{"embeddable":true,"href":"https:\/\/eldiariodesanpedro.com.ar\/sitio\/wp-json\/wp\/v2\/media\/58523"}],"wp:attachment":[{"href":"https:\/\/eldiariodesanpedro.com.ar\/sitio\/wp-json\/wp\/v2\/media?parent=58522"}],"wp:term":[{"taxonomy":"category","embeddable":true,"href":"https:\/\/eldiariodesanpedro.com.ar\/sitio\/wp-json\/wp\/v2\/categories?post=58522"},{"taxonomy":"post_tag","embeddable":true,"href":"https:\/\/eldiariodesanpedro.com.ar\/sitio\/wp-json\/wp\/v2\/tags?post=58522"}],"curies":[{"name":"wp","href":"https:\/\/api.w.org\/{rel}","templated":true}]}}