{"id":58518,"date":"2019-08-21T08:48:28","date_gmt":"2019-08-21T11:48:28","guid":{"rendered":"https:\/\/eldiariodesanpedro.com.ar\/sitio\/?p=58518"},"modified":"2019-08-21T08:48:32","modified_gmt":"2019-08-21T11:48:32","slug":"nueva-comision-directiva-de-la-camara-de-turismo","status":"publish","type":"post","link":"https:\/\/eldiariodesanpedro.com.ar\/sitio\/nueva-comision-directiva-de-la-camara-de-turismo\/","title":{"rendered":"Nueva comisi\u00f3n directiva de la C\u00e1mara de Turismo"},"content":{"rendered":"<!-- VideographyWP Plugin Message: Automatic video embedding prevented by plugin options. -->\n\n<p>El Centro de Comercio, Industria y Turismo, informa que luego de diversas reuniones organizadas para reimpulsar el funcionamiento de la C\u00e1mara de Turismo creada hace varios a\u00f1os en el seno de la entidad, se ha logrado conformar una nueva comisi\u00f3n a partir de la iniciativa de empresarios, comerciantes, profesionales y prestadores de diferentes \u00e1mbitos que han aceptado este desaf\u00edo, planteando diferentes acciones y objetivos, (algunos de los cuales la C\u00e1mara ven\u00eda llevando a cabo), junto a la creaci\u00f3n de sub c\u00e1maras espec\u00edficas que permitan una vinculaci\u00f3n m\u00e1s concreta con cada uno de los espacios que forman parte del turismo en San Pedro.<br><br><strong>La comisi\u00f3n conformada tiene los siguientes integrantes:<\/strong><br>Presidente: Gonzalo Castagnola (Gran Paran\u00e1 Outdoors)<br>Vicepresidente: Diego Ferrari (Complejo Safari)<br>Secretario: Gustavo Puy (Infogu\u00eda San Pedro)<br>Vocal 1: Esteban Oul\u00e9 (Hotel Barrancas)<br>Vocal 2: Mariano Bra\u00f1as (Arquitecto Profesional Independiente)<br>Vocal 3: Enrique Sierra (Ambientalista, Profesional Independiente)<br><br>El grupo present\u00f3 ante la Comisi\u00f3n Directiva del CCIT que respalda con entusiasmo este nuevo proceso, un diagn\u00f3stico general en el que se relevan todas las potencialidades del turismo en la regi\u00f3n, y el abordaje de aquellas situaciones que se consideran importantes resolver para superar algunas dificultades propias de la coyuntura.&nbsp;<br><br>Se plantean acciones de corto y mediano plazo; entre las primeras, fomentar el turismo comunitario y la cooperaci\u00f3n p\u00fablico &#8211; privada, profundizar la profesionalizaci\u00f3n de los prestadores y su personal y crear sub c\u00e1maras como espacios de trabajo m\u00e1s espec\u00edfico con la diversidad de sectores son parte del turismo.<br><br>Entre los objetivos de mediano y largo plazo se apunta a desarrollar un plan sustentable que consolide al r\u00edo, como centro de recreaci\u00f3n y turismo de la regi\u00f3n, incrementar el compromiso local en la promoci\u00f3n del turismo como un factor de beneficio para todos, y trabajar en el ordenamiento de todas las propuestas existentes junto a las que pudieren surgir para confluir en acciones que beneficien a toda la comunidad tanto en la ciudad como en las localidades.<br><br>Los interesados en sumarse y aportar ideas pueden consultar en las oficinas del Centro de Comercio o enviar un correo electr\u00f3nico a&nbsp;<a href=\"mailto:gerencia@centrodecomerciosp.org.ar\" target=\"_blank\" rel=\"noreferrer noopener\">gerencia@centrodecomerciosp.org.ar&nbsp;<\/a>&nbsp;para recibir informaci\u00f3n sobre c\u00f3mo participar.<br><\/p>\n\n\n\n<p><strong><br>Centro de Comercio Industria y Turismo &#8211; 21 de agosto de 2019<\/strong><br><\/p>\n\n\n\n<table class=\"wp-block-table\"><tbody><tr><td><br><\/td><td><br><\/td><\/tr><\/tbody><\/table>\n","protected":false},"excerpt":{"rendered":"<p>El Centro de Comercio, Industria y Turismo, informa que luego de diversas reuniones organizadas para reimpulsar el funcionamiento de la C\u00e1mara de Turismo creada hace varios a\u00f1os en el seno de la entidad, se ha logrado conformar una nueva comisi\u00f3n a partir de la iniciativa de empresarios, comerciantes, profesionales y prestadores de diferentes \u00e1mbitos que [&hellip;]<\/p>\n","protected":false},"author":4,"featured_media":58520,"comment_status":"open","ping_status":"closed","sticky":false,"template":"","format":"standard","meta":{"om_disable_all_campaigns":false,"_jetpack_memberships_contains_paid_content":false,"footnotes":""},"categories":[50,101,2],"tags":[],"class_list":["post-58518","post","type-post","status-publish","format-standard","has-post-thumbnail","hentry","category-destacadas","category-interes-general-locales","category-locales"],"aioseo_notices":[],"gutentor_comment":0,"jetpack_featured_media_url":"https:\/\/eldiariodesanpedro.com.ar\/sitio\/wp-content\/uploads\/2019\/08\/camara-de-turismo.jpg","jetpack_shortlink":"https:\/\/wp.me\/p6RhLt-fdQ","jetpack_sharing_enabled":true,"_links":{"self":[{"href":"https:\/\/eldiariodesanpedro.com.ar\/sitio\/wp-json\/wp\/v2\/posts\/58518","targetHints":{"allow":["GET"]}}],"collection":[{"href":"https:\/\/eldiariodesanpedro.com.ar\/sitio\/wp-json\/wp\/v2\/posts"}],"about":[{"href":"https:\/\/eldiariodesanpedro.com.ar\/sitio\/wp-json\/wp\/v2\/types\/post"}],"author":[{"embeddable":true,"href":"https:\/\/eldiariodesanpedro.com.ar\/sitio\/wp-json\/wp\/v2\/users\/4"}],"replies":[{"embeddable":true,"href":"https:\/\/eldiariodesanpedro.com.ar\/sitio\/wp-json\/wp\/v2\/comments?post=58518"}],"version-history":[{"count":1,"href":"https:\/\/eldiariodesanpedro.com.ar\/sitio\/wp-json\/wp\/v2\/posts\/58518\/revisions"}],"predecessor-version":[{"id":58521,"href":"https:\/\/eldiariodesanpedro.com.ar\/sitio\/wp-json\/wp\/v2\/posts\/58518\/revisions\/58521"}],"wp:featuredmedia":[{"embeddable":true,"href":"https:\/\/eldiariodesanpedro.com.ar\/sitio\/wp-json\/wp\/v2\/media\/58520"}],"wp:attachment":[{"href":"https:\/\/eldiariodesanpedro.com.ar\/sitio\/wp-json\/wp\/v2\/media?parent=58518"}],"wp:term":[{"taxonomy":"category","embeddable":true,"href":"https:\/\/eldiariodesanpedro.com.ar\/sitio\/wp-json\/wp\/v2\/categories?post=58518"},{"taxonomy":"post_tag","embeddable":true,"href":"https:\/\/eldiariodesanpedro.com.ar\/sitio\/wp-json\/wp\/v2\/tags?post=58518"}],"curies":[{"name":"wp","href":"https:\/\/api.w.org\/{rel}","templated":true}]}}