{"id":58513,"date":"2019-08-20T17:57:50","date_gmt":"2019-08-20T20:57:50","guid":{"rendered":"https:\/\/eldiariodesanpedro.com.ar\/sitio\/?p=58513"},"modified":"2019-08-20T17:57:54","modified_gmt":"2019-08-20T20:57:54","slug":"corte-programado-para-manana-21-de-agosto","status":"publish","type":"post","link":"https:\/\/eldiariodesanpedro.com.ar\/sitio\/corte-programado-para-manana-21-de-agosto\/","title":{"rendered":"Corte programado para ma\u00f1ana 21 de agosto"},"content":{"rendered":"<!-- VideographyWP Plugin Message: Automatic video embedding prevented by plugin options. -->\n\n<p>COOPSER informa que ma\u00f1ana\u00a0<strong>mi\u00e9rcoles 21<\/strong>\u00a0de agosto se cumplir\u00e1 con un corte de suministro para la ejecuci\u00f3n de tareas de mantenimiento. El mismo se extender\u00e1 de 8 a 13 en Camino de La Buena Moza desde su cruce con el Acceso al Aeroclub hasta el Callej\u00f3n Debock (altura 4.500 aproximadamente).\u00a0 <\/p>\n","protected":false},"excerpt":{"rendered":"<p>COOPSER informa que ma\u00f1ana\u00a0mi\u00e9rcoles 21\u00a0de agosto se cumplir\u00e1 con un corte de suministro para la ejecuci\u00f3n de tareas de mantenimiento. El mismo se extender\u00e1 de 8 a 13 en Camino de La Buena Moza desde su cruce con el Acceso al Aeroclub hasta el Callej\u00f3n Debock (altura 4.500 aproximadamente).\u00a0<\/p>\n","protected":false},"author":4,"featured_media":58514,"comment_status":"open","ping_status":"closed","sticky":false,"template":"","format":"standard","meta":{"om_disable_all_campaigns":false,"_jetpack_memberships_contains_paid_content":false,"footnotes":""},"categories":[101,2],"tags":[],"class_list":["post-58513","post","type-post","status-publish","format-standard","has-post-thumbnail","hentry","category-interes-general-locales","category-locales"],"aioseo_notices":[],"gutentor_comment":0,"jetpack_featured_media_url":"https:\/\/eldiariodesanpedro.com.ar\/sitio\/wp-content\/uploads\/2019\/08\/descarga-4.jpg","jetpack_shortlink":"https:\/\/wp.me\/p6RhLt-fdL","jetpack_sharing_enabled":true,"_links":{"self":[{"href":"https:\/\/eldiariodesanpedro.com.ar\/sitio\/wp-json\/wp\/v2\/posts\/58513","targetHints":{"allow":["GET"]}}],"collection":[{"href":"https:\/\/eldiariodesanpedro.com.ar\/sitio\/wp-json\/wp\/v2\/posts"}],"about":[{"href":"https:\/\/eldiariodesanpedro.com.ar\/sitio\/wp-json\/wp\/v2\/types\/post"}],"author":[{"embeddable":true,"href":"https:\/\/eldiariodesanpedro.com.ar\/sitio\/wp-json\/wp\/v2\/users\/4"}],"replies":[{"embeddable":true,"href":"https:\/\/eldiariodesanpedro.com.ar\/sitio\/wp-json\/wp\/v2\/comments?post=58513"}],"version-history":[{"count":1,"href":"https:\/\/eldiariodesanpedro.com.ar\/sitio\/wp-json\/wp\/v2\/posts\/58513\/revisions"}],"predecessor-version":[{"id":58515,"href":"https:\/\/eldiariodesanpedro.com.ar\/sitio\/wp-json\/wp\/v2\/posts\/58513\/revisions\/58515"}],"wp:featuredmedia":[{"embeddable":true,"href":"https:\/\/eldiariodesanpedro.com.ar\/sitio\/wp-json\/wp\/v2\/media\/58514"}],"wp:attachment":[{"href":"https:\/\/eldiariodesanpedro.com.ar\/sitio\/wp-json\/wp\/v2\/media?parent=58513"}],"wp:term":[{"taxonomy":"category","embeddable":true,"href":"https:\/\/eldiariodesanpedro.com.ar\/sitio\/wp-json\/wp\/v2\/categories?post=58513"},{"taxonomy":"post_tag","embeddable":true,"href":"https:\/\/eldiariodesanpedro.com.ar\/sitio\/wp-json\/wp\/v2\/tags?post=58513"}],"curies":[{"name":"wp","href":"https:\/\/api.w.org\/{rel}","templated":true}]}}