{"id":58509,"date":"2019-08-20T17:53:42","date_gmt":"2019-08-20T20:53:42","guid":{"rendered":"https:\/\/eldiariodesanpedro.com.ar\/sitio\/?p=58509"},"modified":"2019-08-20T17:53:46","modified_gmt":"2019-08-20T20:53:46","slug":"san-pedro-con-sus-adultos-mayores-a-mar-del-plata","status":"publish","type":"post","link":"https:\/\/eldiariodesanpedro.com.ar\/sitio\/san-pedro-con-sus-adultos-mayores-a-mar-del-plata\/","title":{"rendered":"San Pedro con sus adultos mayores a Mar del Plata"},"content":{"rendered":"<!-- VideographyWP Plugin Message: Automatic video embedding prevented by plugin options. -->\n\n<p> La delegaci\u00f3n sampedrina clasificada para la instancia final de los Juegos Bonaerenses viaja este mi\u00e9rcoles a las 23.30 hs partiendo desde las puertas de la Municipalidad, rumbo a Mar del Plata para representar a la ciudad.\u00a0<\/p>\n\n\n\n<p>Los Juegos Bonaerenses nacidos en 1992, tienen como objetivo principal incluir e integrar a los j\u00f3venes, adultos mayores y personas con discapacidad de los 135 municipios de la Provincia de Buenos Aires, en la pr\u00e1ctica de distintas actividades multidisciplinarias que se realizan en tres etapas.\u00a0<\/p>\n\n\n\n<p>Integrar\u00e1n la delegaci\u00f3n en Caminata: Silvia Actis y Nidia Corti, Pentatl\u00f3n Masculino: Carlos Casazza y Horacio Llull, Tenis de Mesa: Roberto Marsico y Cocina: Consuelo S\u00e1nchez.<\/p>\n\n\n\n<p>La delegaci\u00f3n ser\u00e1 acompa\u00f1ada por el Director de Deportes Profesor Ramiro S\u00e1nchez Negrete y una vez que d\u00e9 comienzo la actividad se ir\u00e1 brindando la informaci\u00f3n. La etapa final para los juveniles se iniciar\u00e1 el 28 de septiembre. <\/p>\n","protected":false},"excerpt":{"rendered":"<p>La delegaci\u00f3n sampedrina clasificada para la instancia final de los Juegos Bonaerenses viaja este mi\u00e9rcoles a las 23.30 hs partiendo desde las puertas de la Municipalidad, rumbo a Mar del Plata para representar a la ciudad.\u00a0 Los Juegos Bonaerenses nacidos en 1992, tienen como objetivo principal incluir e integrar a los j\u00f3venes, adultos mayores y [&hellip;]<\/p>\n","protected":false},"author":4,"featured_media":58511,"comment_status":"open","ping_status":"closed","sticky":false,"template":"","format":"standard","meta":{"om_disable_all_campaigns":false,"_jetpack_memberships_contains_paid_content":false,"footnotes":""},"categories":[101,2],"tags":[],"class_list":["post-58509","post","type-post","status-publish","format-standard","has-post-thumbnail","hentry","category-interes-general-locales","category-locales"],"aioseo_notices":[],"gutentor_comment":0,"jetpack_featured_media_url":"https:\/\/eldiariodesanpedro.com.ar\/sitio\/wp-content\/uploads\/2019\/08\/futbol_tenis_adultos_mayores12.jpg__1366x500_q85_crop_subsampling-2_upscale.jpg","jetpack_shortlink":"https:\/\/wp.me\/p6RhLt-fdH","jetpack_sharing_enabled":true,"_links":{"self":[{"href":"https:\/\/eldiariodesanpedro.com.ar\/sitio\/wp-json\/wp\/v2\/posts\/58509","targetHints":{"allow":["GET"]}}],"collection":[{"href":"https:\/\/eldiariodesanpedro.com.ar\/sitio\/wp-json\/wp\/v2\/posts"}],"about":[{"href":"https:\/\/eldiariodesanpedro.com.ar\/sitio\/wp-json\/wp\/v2\/types\/post"}],"author":[{"embeddable":true,"href":"https:\/\/eldiariodesanpedro.com.ar\/sitio\/wp-json\/wp\/v2\/users\/4"}],"replies":[{"embeddable":true,"href":"https:\/\/eldiariodesanpedro.com.ar\/sitio\/wp-json\/wp\/v2\/comments?post=58509"}],"version-history":[{"count":1,"href":"https:\/\/eldiariodesanpedro.com.ar\/sitio\/wp-json\/wp\/v2\/posts\/58509\/revisions"}],"predecessor-version":[{"id":58512,"href":"https:\/\/eldiariodesanpedro.com.ar\/sitio\/wp-json\/wp\/v2\/posts\/58509\/revisions\/58512"}],"wp:featuredmedia":[{"embeddable":true,"href":"https:\/\/eldiariodesanpedro.com.ar\/sitio\/wp-json\/wp\/v2\/media\/58511"}],"wp:attachment":[{"href":"https:\/\/eldiariodesanpedro.com.ar\/sitio\/wp-json\/wp\/v2\/media?parent=58509"}],"wp:term":[{"taxonomy":"category","embeddable":true,"href":"https:\/\/eldiariodesanpedro.com.ar\/sitio\/wp-json\/wp\/v2\/categories?post=58509"},{"taxonomy":"post_tag","embeddable":true,"href":"https:\/\/eldiariodesanpedro.com.ar\/sitio\/wp-json\/wp\/v2\/tags?post=58509"}],"curies":[{"name":"wp","href":"https:\/\/api.w.org\/{rel}","templated":true}]}}