{"id":58495,"date":"2019-08-20T10:39:50","date_gmt":"2019-08-20T13:39:50","guid":{"rendered":"https:\/\/eldiariodesanpedro.com.ar\/sitio\/?p=58495"},"modified":"2019-08-20T10:39:54","modified_gmt":"2019-08-20T13:39:54","slug":"arrecifes-entro-a-robar-y-lo-encontraron-acostado-con-uno-de-los-nenes-de-la-casa","status":"publish","type":"post","link":"https:\/\/eldiariodesanpedro.com.ar\/sitio\/arrecifes-entro-a-robar-y-lo-encontraron-acostado-con-uno-de-los-nenes-de-la-casa\/","title":{"rendered":"ARRECIFES | Entr\u00f3 a robar y lo encontraron acostado con uno de los nenes de la casa"},"content":{"rendered":"<!-- VideographyWP Plugin Message: Automatic video embedding prevented by plugin options. -->\n\n<p> Ana Canale de Peroni public\u00f3 en su perfil de Facebook, acompa\u00f1ado por fotos del sujeto: \u00abTodos tenemos problemas, en mi caso hace m\u00e1s de dos a\u00f1os que lucho contra un c\u00e1ncer linf\u00e1tico, \u00e9pocas buenas, otras malas, pero siempre con algo en claro: MIS HIJOS. Son el motor de mis luchas y dentro de este clima que venimos viviendo, a pesar del enorme miedo de morir y no estar, tratamos de cuidar sus pensamientos y a\u00fan m\u00e1s sus sentimientos. Pues el domingo 18 alrededor de las 6,30 am este individuo se meti\u00f3 en mi casa a robar y la polic\u00eda, a quien agradezco enormemente su contenci\u00f3n y r\u00e1pido accionar, lo encontr\u00f3 EN EL CUARTO ACOSTADO ABRAZANDO A MI HIJO DE 5 A\u00d1OS Y EL DE 3 A\u00d1OS PARALIZADO AL LADO MIRANDOLO. No se animaron ni a gritar\u2026<br>A m\u00ed no me vengan con problemas de adicci\u00f3n ni necesidades. Este es un hijo de remil putas que se meti\u00f3 con lo m\u00e1s sagrado que tengo. Ojal\u00e1 haya justicia, ojal\u00e1 se pudra en el infierno que ya lleva dentro y que si Dios al que dice orarle NUNCA lo perdone.<br>Comparta!!!! Si todos hici\u00e9ramos ver sus caras sabr\u00edamos de qui\u00e9n cuidarnos\u00bb. <\/p>\n\n\n\n<p>Tal cual como lo cuenta la mujer sucedi\u00f3 el hecho. La Polic\u00eda lleg\u00f3 con rapidez al domicilio de la familia y encontr\u00f3 al delincuente en esa situaci\u00f3n, en el dormitorio de los ni\u00f1os, habl\u00e1ndoles sin que se le entienda nada. Seg\u00fan las autoridades se encontrar\u00eda bajo efectos de estupefacientes.<\/p>\n\n\n\n<p>Alan Rub\u00e9n Eggimann, domiciliado en Capit\u00e1n Sarmiento, se encuentra detenido y a disposici\u00f3n de la Justicia. Tiene antecedentes por otros delitos. Ya declar\u00f3 en San Nicol\u00e1s y por el momento permanece detenido.<\/p>\n\n\n\n<p>Fuente: Arrecifes Noticias<\/p>\n","protected":false},"excerpt":{"rendered":"<p>Ana Canale de Peroni public\u00f3 en su perfil de Facebook, acompa\u00f1ado por fotos del sujeto: \u00abTodos tenemos problemas, en mi caso hace m\u00e1s de dos a\u00f1os que lucho contra un c\u00e1ncer linf\u00e1tico, \u00e9pocas buenas, otras malas, pero siempre con algo en claro: MIS HIJOS. Son el motor de mis luchas y dentro de este clima [&hellip;]<\/p>\n","protected":false},"author":4,"featured_media":58496,"comment_status":"open","ping_status":"closed","sticky":false,"template":"","format":"standard","meta":{"om_disable_all_campaigns":false,"_jetpack_memberships_contains_paid_content":false,"footnotes":""},"categories":[621],"tags":[],"class_list":["post-58495","post","type-post","status-publish","format-standard","has-post-thumbnail","hentry","category-regionales"],"aioseo_notices":[],"gutentor_comment":0,"jetpack_featured_media_url":"https:\/\/eldiariodesanpedro.com.ar\/sitio\/wp-content\/uploads\/2019\/08\/Alan-Eggimann-713x510.jpg","jetpack_shortlink":"https:\/\/wp.me\/p6RhLt-fdt","jetpack_sharing_enabled":true,"_links":{"self":[{"href":"https:\/\/eldiariodesanpedro.com.ar\/sitio\/wp-json\/wp\/v2\/posts\/58495","targetHints":{"allow":["GET"]}}],"collection":[{"href":"https:\/\/eldiariodesanpedro.com.ar\/sitio\/wp-json\/wp\/v2\/posts"}],"about":[{"href":"https:\/\/eldiariodesanpedro.com.ar\/sitio\/wp-json\/wp\/v2\/types\/post"}],"author":[{"embeddable":true,"href":"https:\/\/eldiariodesanpedro.com.ar\/sitio\/wp-json\/wp\/v2\/users\/4"}],"replies":[{"embeddable":true,"href":"https:\/\/eldiariodesanpedro.com.ar\/sitio\/wp-json\/wp\/v2\/comments?post=58495"}],"version-history":[{"count":1,"href":"https:\/\/eldiariodesanpedro.com.ar\/sitio\/wp-json\/wp\/v2\/posts\/58495\/revisions"}],"predecessor-version":[{"id":58497,"href":"https:\/\/eldiariodesanpedro.com.ar\/sitio\/wp-json\/wp\/v2\/posts\/58495\/revisions\/58497"}],"wp:featuredmedia":[{"embeddable":true,"href":"https:\/\/eldiariodesanpedro.com.ar\/sitio\/wp-json\/wp\/v2\/media\/58496"}],"wp:attachment":[{"href":"https:\/\/eldiariodesanpedro.com.ar\/sitio\/wp-json\/wp\/v2\/media?parent=58495"}],"wp:term":[{"taxonomy":"category","embeddable":true,"href":"https:\/\/eldiariodesanpedro.com.ar\/sitio\/wp-json\/wp\/v2\/categories?post=58495"},{"taxonomy":"post_tag","embeddable":true,"href":"https:\/\/eldiariodesanpedro.com.ar\/sitio\/wp-json\/wp\/v2\/tags?post=58495"}],"curies":[{"name":"wp","href":"https:\/\/api.w.org\/{rel}","templated":true}]}}