{"id":58492,"date":"2019-08-20T10:35:42","date_gmt":"2019-08-20T13:35:42","guid":{"rendered":"https:\/\/eldiariodesanpedro.com.ar\/sitio\/?p=58492"},"modified":"2019-08-20T10:35:46","modified_gmt":"2019-08-20T13:35:46","slug":"tras-la-eliminacion-del-iva-almaceneros-bonaerenses-confian-en-los-precios-bajaran-en-las-proximas-horas","status":"publish","type":"post","link":"https:\/\/eldiariodesanpedro.com.ar\/sitio\/tras-la-eliminacion-del-iva-almaceneros-bonaerenses-confian-en-los-precios-bajaran-en-las-proximas-horas\/","title":{"rendered":"Tras la eliminaci\u00f3n del IVA, Almaceneros bonaerenses conf\u00edan en los precios bajar\u00e1n en las pr\u00f3ximas horas"},"content":{"rendered":"<!-- VideographyWP Plugin Message: Automatic video embedding prevented by plugin options. -->\n\n<p><strong>Fernando Savore, el presidente de la Federaci\u00f3n de Almaceneros de la Provincia de Buenos Aires se mostr\u00f3 optimista respecto a la medida tomada por el Gobierno para alivianar la econom\u00eda y el bolsillo de los consumidores.<\/strong><\/p>\n\n\n\n<p>Fernando Savore, el presidente de la Federaci\u00f3n de Almaceneros de la Provincia de Buenos Aires, se refiri\u00f3 al aquita del Impuesto Valor Agregado (IVA) y se\u00f1al\u00f3 que el decreto del Gobierno nacional ser\u00e1 evidenciado en las pr\u00f3ximas horas \u201ccuando lleguen con la nueva medida las listas de los mayoristas\u201d.<\/p>\n\n\n\n<p>\u201cEl anuncio nos puso contentos, todo lo que sirve para beneficiar al consumidor a nosotros nos pone felices. Lo que vamos a hacer nosotros es esperar que vengan las listas rebajadas\u201d, asegur\u00f3.<\/p>\n\n\n\n<p>En declaraciones radiales, Savore precis\u00f3 que dialog\u00f3 con dos mayoristas proveedores que le expresaron que van a trabajar en aplicar la medida. \u201cPara este s\u00e1bado tendremos todo\u201d, sostuvo al referirse a la rebaja en los productos b\u00e1sicos.<\/p>\n\n\n\n<p>\u201cUna vez que nosotros tengamos las listas vamos a bajar los precios porque en la pr\u00f3xima compra ya los recuperamos, as\u00ed como viene el aumento lo ponemos tambi\u00e9n lo haremos cuando haya que bajarlo\u201d, explic\u00f3 Savore.<\/p>\n\n\n\n<p><strong>Fuente:&nbsp;<\/strong>Noticias Z\u00e1rate Alerta\n\n<\/p>\n","protected":false},"excerpt":{"rendered":"<p>Fernando Savore, el presidente de la Federaci\u00f3n de Almaceneros de la Provincia de Buenos Aires se mostr\u00f3 optimista respecto a la medida tomada por el Gobierno para alivianar la econom\u00eda y el bolsillo de los consumidores. Fernando Savore, el presidente de la Federaci\u00f3n de Almaceneros de la Provincia de Buenos Aires, se refiri\u00f3 al aquita [&hellip;]<\/p>\n","protected":false},"author":4,"featured_media":58493,"comment_status":"open","ping_status":"closed","sticky":false,"template":"","format":"standard","meta":{"om_disable_all_campaigns":false,"_jetpack_memberships_contains_paid_content":false,"footnotes":""},"categories":[621],"tags":[],"class_list":["post-58492","post","type-post","status-publish","format-standard","has-post-thumbnail","hentry","category-regionales"],"aioseo_notices":[],"gutentor_comment":0,"jetpack_featured_media_url":"https:\/\/eldiariodesanpedro.com.ar\/sitio\/wp-content\/uploads\/2019\/08\/web_temp_big_tp_5_VL245338_MG21050516.jpg","jetpack_shortlink":"https:\/\/wp.me\/p6RhLt-fdq","jetpack_sharing_enabled":true,"_links":{"self":[{"href":"https:\/\/eldiariodesanpedro.com.ar\/sitio\/wp-json\/wp\/v2\/posts\/58492","targetHints":{"allow":["GET"]}}],"collection":[{"href":"https:\/\/eldiariodesanpedro.com.ar\/sitio\/wp-json\/wp\/v2\/posts"}],"about":[{"href":"https:\/\/eldiariodesanpedro.com.ar\/sitio\/wp-json\/wp\/v2\/types\/post"}],"author":[{"embeddable":true,"href":"https:\/\/eldiariodesanpedro.com.ar\/sitio\/wp-json\/wp\/v2\/users\/4"}],"replies":[{"embeddable":true,"href":"https:\/\/eldiariodesanpedro.com.ar\/sitio\/wp-json\/wp\/v2\/comments?post=58492"}],"version-history":[{"count":1,"href":"https:\/\/eldiariodesanpedro.com.ar\/sitio\/wp-json\/wp\/v2\/posts\/58492\/revisions"}],"predecessor-version":[{"id":58494,"href":"https:\/\/eldiariodesanpedro.com.ar\/sitio\/wp-json\/wp\/v2\/posts\/58492\/revisions\/58494"}],"wp:featuredmedia":[{"embeddable":true,"href":"https:\/\/eldiariodesanpedro.com.ar\/sitio\/wp-json\/wp\/v2\/media\/58493"}],"wp:attachment":[{"href":"https:\/\/eldiariodesanpedro.com.ar\/sitio\/wp-json\/wp\/v2\/media?parent=58492"}],"wp:term":[{"taxonomy":"category","embeddable":true,"href":"https:\/\/eldiariodesanpedro.com.ar\/sitio\/wp-json\/wp\/v2\/categories?post=58492"},{"taxonomy":"post_tag","embeddable":true,"href":"https:\/\/eldiariodesanpedro.com.ar\/sitio\/wp-json\/wp\/v2\/tags?post=58492"}],"curies":[{"name":"wp","href":"https:\/\/api.w.org\/{rel}","templated":true}]}}