{"id":58489,"date":"2019-08-20T10:25:00","date_gmt":"2019-08-20T13:25:00","guid":{"rendered":"https:\/\/eldiariodesanpedro.com.ar\/sitio\/?p=58489"},"modified":"2019-08-20T10:25:05","modified_gmt":"2019-08-20T13:25:05","slug":"campana-una-vela-causante-de-un-principio-de-incendio","status":"publish","type":"post","link":"https:\/\/eldiariodesanpedro.com.ar\/sitio\/campana-una-vela-causante-de-un-principio-de-incendio\/","title":{"rendered":"CAMPANA | Una vela, causante de un principio de incendio"},"content":{"rendered":"<!-- VideographyWP Plugin Message: Automatic video embedding prevented by plugin options. -->\n\n<p> En horas del mediod\u00eda, el siniestro afect\u00f3 a una vivienda de Av. Ameghino al 300. El propietario del lugar, Bombero Voluntario, control\u00f3 r\u00e1pidamente las primeras llamas. Igualmente, una dotaci\u00f3n de \u201ccamaradas\u201d lo asisti\u00f3 preventivamente.<\/p>\n\n\n\n<p>Minutos antes de las 13 horas, un principio de incendio se origin\u00f3 en el primer piso de una vivienda ubicada en la Av. Ameghino al 300. All\u00ed se encontraba el propietario, Nicol\u00e1s Maciel, quien adem\u00e1s es Bombero y por ello no tuvo mayores inconvenientes para controlas las primeras llamas.\u00a0<\/p>\n\n\n\n<p>Al parecer, una vela encendida alcanz\u00f3 algunos papeles y ropa, quemando un peque\u00f1o mueble en una habitaci\u00f3n.<\/p>\n\n\n\n<p>Preventivamente, se hizo presente en el lugar el m\u00f3vil 48 de bomberos a cargo del oficial auxiliar Sebasti\u00e1n Lauque, procediendo a ventilar la habitaci\u00f3n y retirar los restos de lo quemado. <\/p>\n\n\n\n<p>Fuente: Campana Noticias<\/p>\n\n\n\n<p><br><\/p>\n","protected":false},"excerpt":{"rendered":"<p>En horas del mediod\u00eda, el siniestro afect\u00f3 a una vivienda de Av. Ameghino al 300. El propietario del lugar, Bombero Voluntario, control\u00f3 r\u00e1pidamente las primeras llamas. Igualmente, una dotaci\u00f3n de \u201ccamaradas\u201d lo asisti\u00f3 preventivamente. Minutos antes de las 13 horas, un principio de incendio se origin\u00f3 en el primer piso de una vivienda ubicada en [&hellip;]<\/p>\n","protected":false},"author":4,"featured_media":58490,"comment_status":"open","ping_status":"closed","sticky":false,"template":"","format":"standard","meta":{"om_disable_all_campaigns":false,"_jetpack_memberships_contains_paid_content":false,"footnotes":""},"categories":[621],"tags":[],"class_list":["post-58489","post","type-post","status-publish","format-standard","has-post-thumbnail","hentry","category-regionales"],"aioseo_notices":[],"gutentor_comment":0,"jetpack_featured_media_url":"https:\/\/eldiariodesanpedro.com.ar\/sitio\/wp-content\/uploads\/2019\/08\/20190820094650.jpg","jetpack_shortlink":"https:\/\/wp.me\/p6RhLt-fdn","jetpack_sharing_enabled":true,"_links":{"self":[{"href":"https:\/\/eldiariodesanpedro.com.ar\/sitio\/wp-json\/wp\/v2\/posts\/58489","targetHints":{"allow":["GET"]}}],"collection":[{"href":"https:\/\/eldiariodesanpedro.com.ar\/sitio\/wp-json\/wp\/v2\/posts"}],"about":[{"href":"https:\/\/eldiariodesanpedro.com.ar\/sitio\/wp-json\/wp\/v2\/types\/post"}],"author":[{"embeddable":true,"href":"https:\/\/eldiariodesanpedro.com.ar\/sitio\/wp-json\/wp\/v2\/users\/4"}],"replies":[{"embeddable":true,"href":"https:\/\/eldiariodesanpedro.com.ar\/sitio\/wp-json\/wp\/v2\/comments?post=58489"}],"version-history":[{"count":1,"href":"https:\/\/eldiariodesanpedro.com.ar\/sitio\/wp-json\/wp\/v2\/posts\/58489\/revisions"}],"predecessor-version":[{"id":58491,"href":"https:\/\/eldiariodesanpedro.com.ar\/sitio\/wp-json\/wp\/v2\/posts\/58489\/revisions\/58491"}],"wp:featuredmedia":[{"embeddable":true,"href":"https:\/\/eldiariodesanpedro.com.ar\/sitio\/wp-json\/wp\/v2\/media\/58490"}],"wp:attachment":[{"href":"https:\/\/eldiariodesanpedro.com.ar\/sitio\/wp-json\/wp\/v2\/media?parent=58489"}],"wp:term":[{"taxonomy":"category","embeddable":true,"href":"https:\/\/eldiariodesanpedro.com.ar\/sitio\/wp-json\/wp\/v2\/categories?post=58489"},{"taxonomy":"post_tag","embeddable":true,"href":"https:\/\/eldiariodesanpedro.com.ar\/sitio\/wp-json\/wp\/v2\/tags?post=58489"}],"curies":[{"name":"wp","href":"https:\/\/api.w.org\/{rel}","templated":true}]}}