{"id":58486,"date":"2019-08-20T10:23:14","date_gmt":"2019-08-20T13:23:14","guid":{"rendered":"https:\/\/eldiariodesanpedro.com.ar\/sitio\/?p=58486"},"modified":"2019-08-20T10:23:18","modified_gmt":"2019-08-20T13:23:18","slug":"baradero-milagros-martinez-mi-hermano-se-desangraba-no-llamaron-ni-a-la-ambulancia-ni-a-la-policia-y-en-el-hospital-lo-cocio-una-enfermera-el-medico-no-lo-quiso-atender","status":"publish","type":"post","link":"https:\/\/eldiariodesanpedro.com.ar\/sitio\/baradero-milagros-martinez-mi-hermano-se-desangraba-no-llamaron-ni-a-la-ambulancia-ni-a-la-policia-y-en-el-hospital-lo-cocio-una-enfermera-el-medico-no-lo-quiso-atender\/","title":{"rendered":"BARADERO | Milagros Mart\u00ednez: \u201cMi hermano se desangraba, no llamaron ni a la ambulancia ni a la Polic\u00eda y en el Hospital lo coci\u00f3 una enfermera, el m\u00e9dico no lo quiso atender\u201d"},"content":{"rendered":"<!-- VideographyWP Plugin Message: Automatic video embedding prevented by plugin options. -->\n\n<p>El domingo por la madrugada, en un local bailable ubicado en Av. San Martin al 1000, entre Malabia y Santa Mar\u00eda de Oro, un joven fue herido en el cuello con una botella por otro hombre de unos 35 a\u00f1os de edad aproximadamente. Al momento del hecho, los integrantes de Seguridad del lugar, retiraron al agresor y a la victima del lugar, sin prestarle asistencia a \u00e9ste \u00faltimo, Seg\u00fan la palabra de la hermana, Milagro Mart\u00ednez, quien habl\u00f3 en la ma\u00f1ana de LS2 RADIO 96.9, cont\u00f3 que ni a la ambulancia ni a la Policia llamaron. Adem\u00e1s narr\u00f3 que la atenci\u00f3n en el Hospital no fue positiva, debido a que lo atendi\u00f3 una enfermera y no el m\u00e9dico y que lo cocieron con diez puntos de una manera inadecuada.<\/p>\n\n\n\n<p>Sobre c\u00f3mo se dieron los hechos, Milagros, relat\u00f3:&nbsp;<em>\u201cEst\u00e1bamos bailando en ronda, este se\u00f1or estaba muy borracho, se le acerca a mi cu\u00f1ada y le dice que la deje, mi hermano le dice anda para all\u00e1 que es mi novia, este se\u00f1or le tira una pi\u00f1a y mi hermano se hace para atr\u00e1s y no alcanza a pegarle pero me peg\u00f3 a mi en el brazo y tengo el hombro sacado de lugar, tambi\u00e9n le peg\u00f3 a mi cu\u00f1ada contras la pared, y cuando yo lo empujo para que se vaya, \u00e9l rompe la botella contra la pared y le corta el cuello a mi hermano. Viene el patovica, viene, lo saca a mi hermano y mi hermano le dice \u2018para no ves que me cort\u00f3\u2019, y lo sacan a este hombre y a mi hermano y ah\u00ed empec\u00e9 a ayudar a mi hermano que estaba cortado\u201d.<\/em><\/p>\n\n\n\n<p>En cuanto a la atenci\u00f3n del local nocturno y del Hospital, narr\u00f3:\u00a0<em>\u201cCuando veo a mi hermano que perd\u00eda\u00a0sangre, en la desesperaci\u00f3n, lo empuj\u00e9 a este se\u00f1or para que lo deje porque si le segu\u00eda\u00a0pegando lo termina matando al chico, y \u00e9ste hombre sale corriendo, se subi\u00f3 a un auto y se fue. Del boliche no llamaron a la ambulancia ni nadie se acerc\u00f3 para preguntar si estaba bien, lo dejaron tirado como un perro, justo\u00a0pasaba un auto para que nos llevara, lo llevamos al Hospital, lo atendi\u00f3 una enfermera, y ella le dijo al m\u00e9dico que lo iba a cocer como quer\u00eda, y desde el Hospital no llamaron\u00a0a la Polic\u00eda ni nada\u201d<\/em><\/p>\n\n\n\n<p>Fuente: Baradero Hoy<\/p>\n","protected":false},"excerpt":{"rendered":"<p>El domingo por la madrugada, en un local bailable ubicado en Av. San Martin al 1000, entre Malabia y Santa Mar\u00eda de Oro, un joven fue herido en el cuello con una botella por otro hombre de unos 35 a\u00f1os de edad aproximadamente. Al momento del hecho, los integrantes de Seguridad del lugar, retiraron al [&hellip;]<\/p>\n","protected":false},"author":4,"featured_media":58487,"comment_status":"open","ping_status":"closed","sticky":false,"template":"","format":"standard","meta":{"om_disable_all_campaigns":false,"_jetpack_memberships_contains_paid_content":false,"footnotes":""},"categories":[621],"tags":[],"class_list":["post-58486","post","type-post","status-publish","format-standard","has-post-thumbnail","hentry","category-regionales"],"aioseo_notices":[],"gutentor_comment":0,"jetpack_featured_media_url":"https:\/\/eldiariodesanpedro.com.ar\/sitio\/wp-content\/uploads\/2019\/08\/68751364_1381031538732200_7095824909783269376_n.jpg","jetpack_shortlink":"https:\/\/wp.me\/p6RhLt-fdk","jetpack_sharing_enabled":true,"_links":{"self":[{"href":"https:\/\/eldiariodesanpedro.com.ar\/sitio\/wp-json\/wp\/v2\/posts\/58486","targetHints":{"allow":["GET"]}}],"collection":[{"href":"https:\/\/eldiariodesanpedro.com.ar\/sitio\/wp-json\/wp\/v2\/posts"}],"about":[{"href":"https:\/\/eldiariodesanpedro.com.ar\/sitio\/wp-json\/wp\/v2\/types\/post"}],"author":[{"embeddable":true,"href":"https:\/\/eldiariodesanpedro.com.ar\/sitio\/wp-json\/wp\/v2\/users\/4"}],"replies":[{"embeddable":true,"href":"https:\/\/eldiariodesanpedro.com.ar\/sitio\/wp-json\/wp\/v2\/comments?post=58486"}],"version-history":[{"count":1,"href":"https:\/\/eldiariodesanpedro.com.ar\/sitio\/wp-json\/wp\/v2\/posts\/58486\/revisions"}],"predecessor-version":[{"id":58488,"href":"https:\/\/eldiariodesanpedro.com.ar\/sitio\/wp-json\/wp\/v2\/posts\/58486\/revisions\/58488"}],"wp:featuredmedia":[{"embeddable":true,"href":"https:\/\/eldiariodesanpedro.com.ar\/sitio\/wp-json\/wp\/v2\/media\/58487"}],"wp:attachment":[{"href":"https:\/\/eldiariodesanpedro.com.ar\/sitio\/wp-json\/wp\/v2\/media?parent=58486"}],"wp:term":[{"taxonomy":"category","embeddable":true,"href":"https:\/\/eldiariodesanpedro.com.ar\/sitio\/wp-json\/wp\/v2\/categories?post=58486"},{"taxonomy":"post_tag","embeddable":true,"href":"https:\/\/eldiariodesanpedro.com.ar\/sitio\/wp-json\/wp\/v2\/tags?post=58486"}],"curies":[{"name":"wp","href":"https:\/\/api.w.org\/{rel}","templated":true}]}}