{"id":58480,"date":"2019-08-20T10:20:00","date_gmt":"2019-08-20T13:20:00","guid":{"rendered":"https:\/\/eldiariodesanpedro.com.ar\/sitio\/?p=58480"},"modified":"2019-08-20T10:20:04","modified_gmt":"2019-08-20T13:20:04","slug":"san-nicolas-conducia-alcoholizado-y-choco-contra-el-alambrado-del-autodromo","status":"publish","type":"post","link":"https:\/\/eldiariodesanpedro.com.ar\/sitio\/san-nicolas-conducia-alcoholizado-y-choco-contra-el-alambrado-del-autodromo\/","title":{"rendered":"SAN NICOL\u00c1S | Conduc\u00eda alcoholizado y choc\u00f3 contra el alambrado del Aut\u00f3dromo"},"content":{"rendered":"<!-- VideographyWP Plugin Message: Automatic video embedding prevented by plugin options. -->\n\n<p>Personal policial aprehendi\u00f3 a un hombre de 36 a\u00f1os que estaba alcoholizado. El sujeto se encontraba realizando disturbios y tras subirse a su veh\u00edculo, un Renault Scenic, colision\u00f3 contra el alambrado perimetral del Aut\u00f3dromo Municipal.<\/p>\n\n\n\n<p>Tras su aprehensi\u00f3n, se le realiz\u00f3 el test de alcoholemia y se constat\u00f3 que ten\u00eda 2.0 de alcohol en sangre.<\/p>\n\n\n\n<p>Se labraron actuaciones por Infracci\u00f3n al Art. 72 y 74 de la Ley 8031. <\/p>\n\n\n\n<p>Fuente: Diario El Informante<\/p>\n","protected":false},"excerpt":{"rendered":"<p>Personal policial aprehendi\u00f3 a un hombre de 36 a\u00f1os que estaba alcoholizado. El sujeto se encontraba realizando disturbios y tras subirse a su veh\u00edculo, un Renault Scenic, colision\u00f3 contra el alambrado perimetral del Aut\u00f3dromo Municipal. Tras su aprehensi\u00f3n, se le realiz\u00f3 el test de alcoholemia y se constat\u00f3 que ten\u00eda 2.0 de alcohol en sangre. [&hellip;]<\/p>\n","protected":false},"author":4,"featured_media":58481,"comment_status":"open","ping_status":"closed","sticky":false,"template":"","format":"standard","meta":{"om_disable_all_campaigns":false,"_jetpack_memberships_contains_paid_content":false,"footnotes":""},"categories":[621],"tags":[],"class_list":["post-58480","post","type-post","status-publish","format-standard","has-post-thumbnail","hentry","category-regionales"],"aioseo_notices":[],"gutentor_comment":0,"jetpack_featured_media_url":"https:\/\/eldiariodesanpedro.com.ar\/sitio\/wp-content\/uploads\/2019\/08\/conmarca21639.jpg","jetpack_shortlink":"https:\/\/wp.me\/p6RhLt-fde","jetpack_sharing_enabled":true,"_links":{"self":[{"href":"https:\/\/eldiariodesanpedro.com.ar\/sitio\/wp-json\/wp\/v2\/posts\/58480","targetHints":{"allow":["GET"]}}],"collection":[{"href":"https:\/\/eldiariodesanpedro.com.ar\/sitio\/wp-json\/wp\/v2\/posts"}],"about":[{"href":"https:\/\/eldiariodesanpedro.com.ar\/sitio\/wp-json\/wp\/v2\/types\/post"}],"author":[{"embeddable":true,"href":"https:\/\/eldiariodesanpedro.com.ar\/sitio\/wp-json\/wp\/v2\/users\/4"}],"replies":[{"embeddable":true,"href":"https:\/\/eldiariodesanpedro.com.ar\/sitio\/wp-json\/wp\/v2\/comments?post=58480"}],"version-history":[{"count":1,"href":"https:\/\/eldiariodesanpedro.com.ar\/sitio\/wp-json\/wp\/v2\/posts\/58480\/revisions"}],"predecessor-version":[{"id":58482,"href":"https:\/\/eldiariodesanpedro.com.ar\/sitio\/wp-json\/wp\/v2\/posts\/58480\/revisions\/58482"}],"wp:featuredmedia":[{"embeddable":true,"href":"https:\/\/eldiariodesanpedro.com.ar\/sitio\/wp-json\/wp\/v2\/media\/58481"}],"wp:attachment":[{"href":"https:\/\/eldiariodesanpedro.com.ar\/sitio\/wp-json\/wp\/v2\/media?parent=58480"}],"wp:term":[{"taxonomy":"category","embeddable":true,"href":"https:\/\/eldiariodesanpedro.com.ar\/sitio\/wp-json\/wp\/v2\/categories?post=58480"},{"taxonomy":"post_tag","embeddable":true,"href":"https:\/\/eldiariodesanpedro.com.ar\/sitio\/wp-json\/wp\/v2\/tags?post=58480"}],"curies":[{"name":"wp","href":"https:\/\/api.w.org\/{rel}","templated":true}]}}