{"id":58479,"date":"2019-08-20T10:41:52","date_gmt":"2019-08-20T13:41:52","guid":{"rendered":"https:\/\/eldiariodesanpedro.com.ar\/sitio\/?p=58479"},"modified":"2019-08-20T10:41:56","modified_gmt":"2019-08-20T13:41:56","slug":"un-director-tecnico-golpeo-al-arbitro-en-pleno-partido","status":"publish","type":"post","link":"https:\/\/eldiariodesanpedro.com.ar\/sitio\/un-director-tecnico-golpeo-al-arbitro-en-pleno-partido\/","title":{"rendered":"Un director t\u00e9cnico golpe\u00f3 al arbitro en pleno partido"},"content":{"rendered":"<!-- VideographyWP Plugin Message: Automatic video embedding prevented by plugin options. -->\n\n<p>La direcci\u00f3n de Deportes eval\u00faa que sanci\u00f3n aplicar\u00e1 al entrenador.<br><\/p>\n\n\n\n<p>Momentos en que se desarrollaba un encuentro futbol\u00edstico por la liga deportiva Sampedrina, (reserva) entre club de Gdor. castro y club de Doyle (local), de repente el juego pas\u00f3 a segundo plano y la violencia tom\u00f3 el centro de la escena.<br><br>Hechos de violencia que no se deben registrar en ning\u00fan tipo de juego.<\/p>\n\n\n\n<p>El episodio sucedi\u00f3 este domingo por la tarde transcurridos 15 minutos del segundo tiempo; tras una fuerte discusi\u00f3n uno de los t\u00e9cnicos en pleno partido,  le propina un golpe con su cabeza al \u00e1rbitro, caus\u00e1ndole una lesi\u00f3n en la nariz.<\/p>\n\n\n\n<p>Rapidamente los efectivos policiales ingresan al campo de juego y proceden a l aprehensi\u00f3n del agresor, quedando como consecuensia el partido suspendido.<\/p>\n\n\n\n<p>El Arbitro asistido por los medicos en el lugar continuo su labor en partido de primera. <\/p>\n\n\n\n<p>Interviene en el caso la  UFI 11, Juzgado de paz local y\u00a0\u00a0al Tribunal Disciplinario Deportivo Local.<br><\/p>\n","protected":false},"excerpt":{"rendered":"<p>La direcci\u00f3n de Deportes eval\u00faa que sanci\u00f3n aplicar\u00e1 al entrenador. Momentos en que se desarrollaba un encuentro futbol\u00edstico por la liga deportiva Sampedrina, (reserva) entre club de Gdor. castro y club de Doyle (local), de repente el juego pas\u00f3 a segundo plano y la violencia tom\u00f3 el centro de la escena. Hechos de violencia que [&hellip;]<\/p>\n","protected":false},"author":4,"featured_media":56528,"comment_status":"open","ping_status":"closed","sticky":false,"template":"","format":"standard","meta":{"om_disable_all_campaigns":false,"_jetpack_memberships_contains_paid_content":false,"footnotes":""},"categories":[50,2,103],"tags":[],"class_list":["post-58479","post","type-post","status-publish","format-standard","has-post-thumbnail","hentry","category-destacadas","category-locales","category-policiales-locales"],"aioseo_notices":[],"gutentor_comment":0,"jetpack_featured_media_url":"https:\/\/eldiariodesanpedro.com.ar\/sitio\/wp-content\/uploads\/2019\/07\/patrulla66-1024x680.jpg","jetpack_shortlink":"https:\/\/wp.me\/p6RhLt-fdd","jetpack_sharing_enabled":true,"_links":{"self":[{"href":"https:\/\/eldiariodesanpedro.com.ar\/sitio\/wp-json\/wp\/v2\/posts\/58479","targetHints":{"allow":["GET"]}}],"collection":[{"href":"https:\/\/eldiariodesanpedro.com.ar\/sitio\/wp-json\/wp\/v2\/posts"}],"about":[{"href":"https:\/\/eldiariodesanpedro.com.ar\/sitio\/wp-json\/wp\/v2\/types\/post"}],"author":[{"embeddable":true,"href":"https:\/\/eldiariodesanpedro.com.ar\/sitio\/wp-json\/wp\/v2\/users\/4"}],"replies":[{"embeddable":true,"href":"https:\/\/eldiariodesanpedro.com.ar\/sitio\/wp-json\/wp\/v2\/comments?post=58479"}],"version-history":[{"count":1,"href":"https:\/\/eldiariodesanpedro.com.ar\/sitio\/wp-json\/wp\/v2\/posts\/58479\/revisions"}],"predecessor-version":[{"id":58499,"href":"https:\/\/eldiariodesanpedro.com.ar\/sitio\/wp-json\/wp\/v2\/posts\/58479\/revisions\/58499"}],"wp:featuredmedia":[{"embeddable":true,"href":"https:\/\/eldiariodesanpedro.com.ar\/sitio\/wp-json\/wp\/v2\/media\/56528"}],"wp:attachment":[{"href":"https:\/\/eldiariodesanpedro.com.ar\/sitio\/wp-json\/wp\/v2\/media?parent=58479"}],"wp:term":[{"taxonomy":"category","embeddable":true,"href":"https:\/\/eldiariodesanpedro.com.ar\/sitio\/wp-json\/wp\/v2\/categories?post=58479"},{"taxonomy":"post_tag","embeddable":true,"href":"https:\/\/eldiariodesanpedro.com.ar\/sitio\/wp-json\/wp\/v2\/tags?post=58479"}],"curies":[{"name":"wp","href":"https:\/\/api.w.org\/{rel}","templated":true}]}}