{"id":58471,"date":"2019-08-20T10:04:38","date_gmt":"2019-08-20T13:04:38","guid":{"rendered":"https:\/\/eldiariodesanpedro.com.ar\/sitio\/?p=58471"},"modified":"2019-08-20T10:04:42","modified_gmt":"2019-08-20T13:04:42","slug":"bomberos-cerro-los-festejos-con-un-multitudinario-desfile","status":"publish","type":"post","link":"https:\/\/eldiariodesanpedro.com.ar\/sitio\/bomberos-cerro-los-festejos-con-un-multitudinario-desfile\/","title":{"rendered":"Bomberos cerr\u00f3 los festejos con un multitudinario desfile"},"content":{"rendered":"<!-- VideographyWP Plugin Message: Automatic video embedding prevented by plugin options. -->\n\n<p>Con la presencia de todo el personal m\u00e1s cuarteles de toda la regi\u00f3n, los Bomberos Voluntarios de San Pedro culminaron los festejos de su fundaci\u00f3n con un colorido desfile callejero.<\/p>\n\n\n\n<p>Las calles de la ciudad se ti\u00f1eron de rojo cuando las unidades de distintos cuarteles de la regi\u00f3n se sumaron a los festejos y transitaron por las principales arterias como parte del programa de actividades que sellaron la celebraci\u00f3n por los 60 a\u00f1os de los Bomberos Voluntarios.<\/p>\n\n\n\n<p>A mitad de ma\u00f1ana del domingo y ante un gran marco de p\u00fabico se desarroll\u00f3 el acto protocolar en las puertas de la Municipalidad con la actuaci\u00f3n de la banda musical de los Bomberos Voluntarios de San Isidro. Le sigui\u00f3 la palabra de bienvenida de las autoridades y el desfile de todos los Bomberos de San Pedro, tanto los que pertenecen al cuerpo activo como los del cuerpo de reserva.<\/p>\n\n\n\n<p>La participaci\u00f3n de los cuarteles de la regi\u00f3n fue otro de los atractivos de la ma\u00f1ana, principalmente cuando todas las unidades de todo tipo transitaron por la calle principal para saludar a las autoridades y de all\u00ed encolumnarse para ser parte del colorido desfile que recorri\u00f3 las calles de la ciudad.<\/p>\n\n\n\n<p>Bomberos celebr\u00f3 el 60\u00b0 Aniversario con el acto oficial llevado a cabo el d\u00eda de la fundaci\u00f3n pero en el cuartel central, d\u00edas despu\u00e9s hubo un reconocimiento a jefes de cuerpo activo y ex presidentes del Consejo Directivo, el desfile y un almuerzo de camarader\u00eda que reuni\u00f3 a los propios Bomberos con sus familias e invitados especiales.<\/p>\n\n\n\n<p>Fuente: San Pedro Informa<\/p>\n\n\n\n<iframe data-src=\"https:\/\/www.facebook.com\/plugins\/post.php?href=https%3A%2F%2Fwww.facebook.com%2Fmedia%2Fset%2F%3Fset%3Da.1061244467418025%26type%3D3&#038;width=500\" width=\"500\" height=\"669\" style=\"border:none;overflow:hidden\" scrolling=\"no\" frameborder=\"0\" allowTransparency=\"true\" allow=\"encrypted-media\" src=\"data:image\/svg+xml;base64,PHN2ZyB3aWR0aD0iMSIgaGVpZ2h0PSIxIiB4bWxucz0iaHR0cDovL3d3dy53My5vcmcvMjAwMC9zdmciPjwvc3ZnPg==\" class=\"lazyload\" data-load-mode=\"1\"><\/iframe>\n","protected":false},"excerpt":{"rendered":"<p>Con la presencia de todo el personal m\u00e1s cuarteles de toda la regi\u00f3n, los Bomberos Voluntarios de San Pedro culminaron los festejos de su fundaci\u00f3n con un colorido desfile callejero. Las calles de la ciudad se ti\u00f1eron de rojo cuando las unidades de distintos cuarteles de la regi\u00f3n se sumaron a los festejos y transitaron [&hellip;]<\/p>\n","protected":false},"author":4,"featured_media":58472,"comment_status":"open","ping_status":"closed","sticky":false,"template":"","format":"standard","meta":{"om_disable_all_campaigns":false,"_jetpack_memberships_contains_paid_content":false,"footnotes":""},"categories":[101,2],"tags":[],"class_list":["post-58471","post","type-post","status-publish","format-standard","has-post-thumbnail","hentry","category-interes-general-locales","category-locales"],"aioseo_notices":[],"gutentor_comment":0,"jetpack_featured_media_url":"https:\/\/eldiariodesanpedro.com.ar\/sitio\/wp-content\/uploads\/2019\/08\/68427746_1061247724084366_7650353055107383296_o.jpg","jetpack_shortlink":"https:\/\/wp.me\/p6RhLt-fd5","jetpack_sharing_enabled":true,"_links":{"self":[{"href":"https:\/\/eldiariodesanpedro.com.ar\/sitio\/wp-json\/wp\/v2\/posts\/58471","targetHints":{"allow":["GET"]}}],"collection":[{"href":"https:\/\/eldiariodesanpedro.com.ar\/sitio\/wp-json\/wp\/v2\/posts"}],"about":[{"href":"https:\/\/eldiariodesanpedro.com.ar\/sitio\/wp-json\/wp\/v2\/types\/post"}],"author":[{"embeddable":true,"href":"https:\/\/eldiariodesanpedro.com.ar\/sitio\/wp-json\/wp\/v2\/users\/4"}],"replies":[{"embeddable":true,"href":"https:\/\/eldiariodesanpedro.com.ar\/sitio\/wp-json\/wp\/v2\/comments?post=58471"}],"version-history":[{"count":1,"href":"https:\/\/eldiariodesanpedro.com.ar\/sitio\/wp-json\/wp\/v2\/posts\/58471\/revisions"}],"predecessor-version":[{"id":58474,"href":"https:\/\/eldiariodesanpedro.com.ar\/sitio\/wp-json\/wp\/v2\/posts\/58471\/revisions\/58474"}],"wp:featuredmedia":[{"embeddable":true,"href":"https:\/\/eldiariodesanpedro.com.ar\/sitio\/wp-json\/wp\/v2\/media\/58472"}],"wp:attachment":[{"href":"https:\/\/eldiariodesanpedro.com.ar\/sitio\/wp-json\/wp\/v2\/media?parent=58471"}],"wp:term":[{"taxonomy":"category","embeddable":true,"href":"https:\/\/eldiariodesanpedro.com.ar\/sitio\/wp-json\/wp\/v2\/categories?post=58471"},{"taxonomy":"post_tag","embeddable":true,"href":"https:\/\/eldiariodesanpedro.com.ar\/sitio\/wp-json\/wp\/v2\/tags?post=58471"}],"curies":[{"name":"wp","href":"https:\/\/api.w.org\/{rel}","templated":true}]}}