{"id":58456,"date":"2019-08-20T09:12:40","date_gmt":"2019-08-20T12:12:40","guid":{"rendered":"https:\/\/eldiariodesanpedro.com.ar\/sitio\/?p=58456"},"modified":"2019-08-20T09:12:45","modified_gmt":"2019-08-20T12:12:45","slug":"37-anos-despues-emocionante-encuentro-de-la-tripulacion-del-ara-irigoyen","status":"publish","type":"post","link":"https:\/\/eldiariodesanpedro.com.ar\/sitio\/37-anos-despues-emocionante-encuentro-de-la-tripulacion-del-ara-irigoyen\/","title":{"rendered":"37 a\u00f1os despu\u00e9s: Emocionante encuentro de la tripulaci\u00f3n del ARA Irigoyen"},"content":{"rendered":"<!-- VideographyWP Plugin Message: Automatic video embedding prevented by plugin options. -->\n\n<p>El evento se realizo este domingo por la ma\u00f1ana; organizado por ellos mismos, lograron un emocionante encuentro luego de 37 a\u00f1os. Los ex tripulantes del ARA Irigoyen que compartieron su misi\u00f3n durante la Guerra de Malvinas en 1982, volvieron a bordo.<\/p>\n\n\n\n<p>Ex soldados y personal de la Armada Argentina de distintos puntos del pa\u00eds, recordaron con gran emoci\u00f3n sus d\u00edas a bordo del Buque. <\/p>\n\n\n\n<p>El encuentro fue organizado por el mas chico de la tripulacion, que en eemomento tenia tan slo 16 a\u00f1os, Carlos Roggero.<\/p>\n\n\n\n<p>Su capit\u00e1n, Jorge Alberto Mar\u00edn, brind\u00f3 unas sentidas palabras y descubri\u00f3 una placa acompa\u00f1ado por la Directora de Cultura, Mar\u00eda Jos\u00e9 Mora, el Delegado de Rio Tala, Domingo Bronce y el Presidente de la Asociaci\u00f3n Cultural Sanmartiniana, Ezequiel Furch.<\/p>\n\n\n\n<p>Adem\u00e1s, donaron al Buque Museo ARA Irigoyen, cientos de fotos y la imagen de la Virgen de Luj\u00e1n original, perteneciente a la embarcaci\u00f3n.<\/p>\n\n\n\n<ul class=\"wp-block-gallery columns-4 is-cropped wp-block-gallery-1 is-layout-flex wp-block-gallery-is-layout-flex\"><li class=\"blocks-gallery-item\"><figure><img decoding=\"async\" width=\"1024\" height=\"498\" data-attachment-id=\"58461\" data-permalink=\"https:\/\/eldiariodesanpedro.com.ar\/sitio\/37-anos-despues-emocionante-encuentro-de-la-tripulacion-del-ara-irigoyen\/1-121\/\" data-orig-file=\"https:\/\/eldiariodesanpedro.com.ar\/sitio\/wp-content\/uploads\/2019\/08\/1-2.jpeg\" data-orig-size=\"1152,560\" data-comments-opened=\"1\" data-image-meta=\"{&quot;aperture&quot;:&quot;0&quot;,&quot;credit&quot;:&quot;&quot;,&quot;camera&quot;:&quot;&quot;,&quot;caption&quot;:&quot;&quot;,&quot;created_timestamp&quot;:&quot;0&quot;,&quot;copyright&quot;:&quot;&quot;,&quot;focal_length&quot;:&quot;0&quot;,&quot;iso&quot;:&quot;0&quot;,&quot;shutter_speed&quot;:&quot;0&quot;,&quot;title&quot;:&quot;&quot;,&quot;orientation&quot;:&quot;0&quot;}\" data-image-title=\"1\" data-image-description=\"\" data-image-caption=\"\" data-large-file=\"https:\/\/eldiariodesanpedro.com.ar\/sitio\/wp-content\/uploads\/2019\/08\/1-2-1024x498.jpeg\" data-src=\"https:\/\/eldiariodesanpedro.com.ar\/sitio\/wp-content\/uploads\/2019\/08\/1-2-1024x498.jpeg\" alt=\"\" data-id=\"58461\" data-link=\"https:\/\/eldiariodesanpedro.com.ar\/sitio\/?attachment_id=58461\" class=\"wp-image-58461 lazyload\" data-srcset=\"https:\/\/eldiariodesanpedro.com.ar\/sitio\/wp-content\/uploads\/2019\/08\/1-2-1024x498.jpeg 1024w, https:\/\/eldiariodesanpedro.com.ar\/sitio\/wp-content\/uploads\/2019\/08\/1-2-300x146.jpeg 300w, https:\/\/eldiariodesanpedro.com.ar\/sitio\/wp-content\/uploads\/2019\/08\/1-2-768x373.jpeg 768w, https:\/\/eldiariodesanpedro.com.ar\/sitio\/wp-content\/uploads\/2019\/08\/1-2.jpeg 1152w\" data-sizes=\"(max-width: 1024px) 100vw, 1024px\" src=\"data:image\/svg+xml;base64,PHN2ZyB3aWR0aD0iMSIgaGVpZ2h0PSIxIiB4bWxucz0iaHR0cDovL3d3dy53My5vcmcvMjAwMC9zdmciPjwvc3ZnPg==\" style=\"--smush-placeholder-width: 1024px; --smush-placeholder-aspect-ratio: 1024\/498;\" \/><\/figure><\/li><li class=\"blocks-gallery-item\"><figure><img decoding=\"async\" width=\"768\" height=\"1024\" data-attachment-id=\"58462\" data-permalink=\"https:\/\/eldiariodesanpedro.com.ar\/sitio\/37-anos-despues-emocionante-encuentro-de-la-tripulacion-del-ara-irigoyen\/3-56\/\" data-orig-file=\"https:\/\/eldiariodesanpedro.com.ar\/sitio\/wp-content\/uploads\/2019\/08\/3-1.jpeg\" data-orig-size=\"960,1280\" data-comments-opened=\"1\" data-image-meta=\"{&quot;aperture&quot;:&quot;0&quot;,&quot;credit&quot;:&quot;&quot;,&quot;camera&quot;:&quot;&quot;,&quot;caption&quot;:&quot;&quot;,&quot;created_timestamp&quot;:&quot;0&quot;,&quot;copyright&quot;:&quot;&quot;,&quot;focal_length&quot;:&quot;0&quot;,&quot;iso&quot;:&quot;0&quot;,&quot;shutter_speed&quot;:&quot;0&quot;,&quot;title&quot;:&quot;&quot;,&quot;orientation&quot;:&quot;0&quot;}\" data-image-title=\"3\" data-image-description=\"\" data-image-caption=\"\" data-large-file=\"https:\/\/eldiariodesanpedro.com.ar\/sitio\/wp-content\/uploads\/2019\/08\/3-1-768x1024.jpeg\" data-src=\"https:\/\/eldiariodesanpedro.com.ar\/sitio\/wp-content\/uploads\/2019\/08\/3-1-768x1024.jpeg\" alt=\"\" data-id=\"58462\" data-link=\"https:\/\/eldiariodesanpedro.com.ar\/sitio\/?attachment_id=58462\" class=\"wp-image-58462 lazyload\" data-srcset=\"https:\/\/eldiariodesanpedro.com.ar\/sitio\/wp-content\/uploads\/2019\/08\/3-1-768x1024.jpeg 768w, https:\/\/eldiariodesanpedro.com.ar\/sitio\/wp-content\/uploads\/2019\/08\/3-1-225x300.jpeg 225w, https:\/\/eldiariodesanpedro.com.ar\/sitio\/wp-content\/uploads\/2019\/08\/3-1.jpeg 960w\" data-sizes=\"(max-width: 768px) 100vw, 768px\" src=\"data:image\/svg+xml;base64,PHN2ZyB3aWR0aD0iMSIgaGVpZ2h0PSIxIiB4bWxucz0iaHR0cDovL3d3dy53My5vcmcvMjAwMC9zdmciPjwvc3ZnPg==\" style=\"--smush-placeholder-width: 768px; --smush-placeholder-aspect-ratio: 768\/1024;\" \/><\/figure><\/li><li class=\"blocks-gallery-item\"><figure><img decoding=\"async\" width=\"416\" height=\"888\" data-attachment-id=\"58463\" data-permalink=\"https:\/\/eldiariodesanpedro.com.ar\/sitio\/37-anos-despues-emocionante-encuentro-de-la-tripulacion-del-ara-irigoyen\/5-33\/\" data-orig-file=\"https:\/\/eldiariodesanpedro.com.ar\/sitio\/wp-content\/uploads\/2019\/08\/5-2.jpeg\" data-orig-size=\"416,888\" data-comments-opened=\"1\" data-image-meta=\"{&quot;aperture&quot;:&quot;0&quot;,&quot;credit&quot;:&quot;&quot;,&quot;camera&quot;:&quot;&quot;,&quot;caption&quot;:&quot;&quot;,&quot;created_timestamp&quot;:&quot;0&quot;,&quot;copyright&quot;:&quot;&quot;,&quot;focal_length&quot;:&quot;0&quot;,&quot;iso&quot;:&quot;0&quot;,&quot;shutter_speed&quot;:&quot;0&quot;,&quot;title&quot;:&quot;&quot;,&quot;orientation&quot;:&quot;1&quot;}\" data-image-title=\"5\" data-image-description=\"\" data-image-caption=\"\" data-large-file=\"https:\/\/eldiariodesanpedro.com.ar\/sitio\/wp-content\/uploads\/2019\/08\/5-2.jpeg\" data-src=\"https:\/\/eldiariodesanpedro.com.ar\/sitio\/wp-content\/uploads\/2019\/08\/5-2.jpeg\" alt=\"\" data-id=\"58463\" data-link=\"https:\/\/eldiariodesanpedro.com.ar\/sitio\/?attachment_id=58463\" class=\"wp-image-58463 lazyload\" data-srcset=\"https:\/\/eldiariodesanpedro.com.ar\/sitio\/wp-content\/uploads\/2019\/08\/5-2.jpeg 416w, https:\/\/eldiariodesanpedro.com.ar\/sitio\/wp-content\/uploads\/2019\/08\/5-2-141x300.jpeg 141w\" data-sizes=\"(max-width: 416px) 100vw, 416px\" src=\"data:image\/svg+xml;base64,PHN2ZyB3aWR0aD0iMSIgaGVpZ2h0PSIxIiB4bWxucz0iaHR0cDovL3d3dy53My5vcmcvMjAwMC9zdmciPjwvc3ZnPg==\" style=\"--smush-placeholder-width: 416px; --smush-placeholder-aspect-ratio: 416\/888;\" \/><\/figure><\/li><li class=\"blocks-gallery-item\"><figure><img decoding=\"async\" width=\"774\" height=\"632\" data-attachment-id=\"58464\" data-permalink=\"https:\/\/eldiariodesanpedro.com.ar\/sitio\/37-anos-despues-emocionante-encuentro-de-la-tripulacion-del-ara-irigoyen\/6-26\/\" data-orig-file=\"https:\/\/eldiariodesanpedro.com.ar\/sitio\/wp-content\/uploads\/2019\/08\/6.jpeg\" data-orig-size=\"774,632\" data-comments-opened=\"1\" data-image-meta=\"{&quot;aperture&quot;:&quot;0&quot;,&quot;credit&quot;:&quot;&quot;,&quot;camera&quot;:&quot;&quot;,&quot;caption&quot;:&quot;&quot;,&quot;created_timestamp&quot;:&quot;0&quot;,&quot;copyright&quot;:&quot;&quot;,&quot;focal_length&quot;:&quot;0&quot;,&quot;iso&quot;:&quot;0&quot;,&quot;shutter_speed&quot;:&quot;0&quot;,&quot;title&quot;:&quot;&quot;,&quot;orientation&quot;:&quot;1&quot;}\" data-image-title=\"6\" data-image-description=\"\" data-image-caption=\"\" data-large-file=\"https:\/\/eldiariodesanpedro.com.ar\/sitio\/wp-content\/uploads\/2019\/08\/6.jpeg\" data-src=\"https:\/\/eldiariodesanpedro.com.ar\/sitio\/wp-content\/uploads\/2019\/08\/6.jpeg\" alt=\"\" data-id=\"58464\" data-link=\"https:\/\/eldiariodesanpedro.com.ar\/sitio\/?attachment_id=58464\" class=\"wp-image-58464 lazyload\" data-srcset=\"https:\/\/eldiariodesanpedro.com.ar\/sitio\/wp-content\/uploads\/2019\/08\/6.jpeg 774w, https:\/\/eldiariodesanpedro.com.ar\/sitio\/wp-content\/uploads\/2019\/08\/6-300x245.jpeg 300w, https:\/\/eldiariodesanpedro.com.ar\/sitio\/wp-content\/uploads\/2019\/08\/6-768x627.jpeg 768w\" data-sizes=\"(max-width: 774px) 100vw, 774px\" src=\"data:image\/svg+xml;base64,PHN2ZyB3aWR0aD0iMSIgaGVpZ2h0PSIxIiB4bWxucz0iaHR0cDovL3d3dy53My5vcmcvMjAwMC9zdmciPjwvc3ZnPg==\" style=\"--smush-placeholder-width: 774px; --smush-placeholder-aspect-ratio: 774\/632;\" \/><\/figure><\/li><\/ul>\n\n\n\n<p><strong>Historia<\/strong><\/p>\n\n\n\n<p>El\u00a0ARA\u00a0<em>Comandante General Irigoyen<\/em>\u00a0(A-1)\u00a0es un aviso-remolcador de la\u00a0Armada Argentina. <\/p>\n\n\n\n<p>Pertenece a la clase Navajo de la\u00a0Armada de los Estados Unidos participando en aquella fuerza en la Segunda Guerra Mundial bajo el nombre de\u00a0<em>USS\u00a0Cahuilla\u00a0(ATF-152).<\/em> <\/p>\n\n\n\n<p>Fue vendido a la Armada Argentina en 1961 re-nombr\u00e1ndose bajo nombre actual y puesto fuera de servicio en 2009 donde es conservado como buque museo en la ciudad de San Pedro en el partido\u00a0del mismo nombre.<\/p>\n\n\n\n<p>Fue construido en el astillero\u00a0 <a href=\"https:\/\/es.wikipedia.org\/w\/index.php?title=Charleston_Shipbuilding_%26_Drydock_Co.&amp;action=edit&amp;redlink=1\">Charleston Shipbuilding &amp; Drydock<\/a>  en\u00a0<a href=\"https:\/\/es.wikipedia.org\/wiki\/Charleston_(Carolina_del_Sur)\">Charleston<\/a>,\u00a0<a href=\"https:\/\/es.wikipedia.org\/wiki\/Carolina_del_Sur\">Carolina del Sur<\/a>; se le asign\u00f3 el c\u00f3digo de los de su clase (ATF-152) el 15 de mayo de 1944, y comenz\u00f3 su construcci\u00f3n el 2 de noviembre del mismo a\u00f1o y fue asignado a la fuerza como USS\u00a0<em>Cahuilla<\/em>\u00a0(ATF-152) el 10 de marzo de 1945.<\/p>\n\n\n\n<p><strong>Operaciones en el Oc\u00e9ano Pac\u00edfico durante la Segunda Guerra Mundial<\/strong><\/p>\n\n\n\n<p>Su primera operaci\u00f3n en la Armada estadounidense fue la de remolcar en buque en pruebas en&nbsp;<a href=\"https:\/\/es.wikipedia.org\/wiki\/Norfolk_(Virginia)\">Norfolk<\/a>,&nbsp;<a href=\"https:\/\/es.wikipedia.org\/wiki\/Virginia\">Virginia<\/a>. Desde all\u00ed comenz\u00f3 a navegar, el 18 de abril de 1945, para remolcar al&nbsp;<a href=\"https:\/\/es.wikipedia.org\/w\/index.php?title=USS_Pegasus_(AK-48)&amp;action=edit&amp;redlink=1\">USS&nbsp;<em>Pegasus<\/em>&nbsp;(AK-48)<\/a>&nbsp;de&nbsp;<a href=\"https:\/\/es.wikipedia.org\/wiki\/Pearl_Harbor\">Pearl Harbor<\/a>. El 24 de mayo se dirigi\u00f3 con otros buques hacia&nbsp;<a href=\"https:\/\/es.wikipedia.org\/wiki\/Guam\">Guam<\/a>, donde remolc\u00f3 una serie de buques en&nbsp;<a href=\"https:\/\/es.wikipedia.org\/wiki\/Isla_de_Okinawa\">Okinawa<\/a>.<\/p>\n\n\n\n<p>Desde 26 de julio al 6 de agosto de 1945 sirvi\u00f3 para escoltar convoyes y como remolcador de salvamento de los buques que pasaban por las peligrosas aguas de Okinawa, con sujeci\u00f3n a los ataques suicidas desesperados de los aviones japoneses.<\/p>\n\n\n\n<p><strong>Operaciones luego de la guerra<\/strong><\/p>\n\n\n\n<p>Al terminar la guerra el USS Cahuilla se encontraba navegando, con destino a operaciones de salvamento en Eniwetok, de la que volvi\u00f3 a tomar parte en la ocupaci\u00f3n de&nbsp;<a href=\"https:\/\/es.wikipedia.org\/wiki\/Nagasaki\">Nagasaki<\/a>,&nbsp;<a href=\"https:\/\/es.wikipedia.org\/wiki\/Jap%C3%B3n\">Jap\u00f3n<\/a>, hasta el 16 de octubre de 1945. A partir de ese momento en que se estableci\u00f3 en Okinawa para realizar operaciones de rescate y remolque hasta el 14 de febrero de 1946.<\/p>\n\n\n\n<p>USS Cahuilla continu\u00f3 ofreciendo servicio de remolque a las unidades de la flota, y realizando trabajo de rescate de buques de guerra y mercantes, llegando a Pearl Harbor,&nbsp;<a href=\"https:\/\/es.wikipedia.org\/wiki\/Kwajalein\">Kwajalein<\/a>, y los puertos de la costa oeste y la zona del&nbsp;<a href=\"https:\/\/es.wikipedia.org\/wiki\/Canal_de_Panam%C3%A1\">Canal de Panam\u00e1<\/a>&nbsp;hasta enero de 1947.<\/p>\n\n\n\n<p><strong>Salida de servicio<\/strong><\/p>\n\n\n\n<p>El USS Cahuilla fue sacado de servicio en&nbsp;<a href=\"https:\/\/es.wikipedia.org\/wiki\/San_Diego_(California)\">San Diego<\/a>,&nbsp;<a href=\"https:\/\/es.wikipedia.org\/wiki\/California\">California<\/a>. Permaneci\u00f3 amarrrado en las&nbsp;<a href=\"https:\/\/es.wikipedia.org\/wiki\/Flotas_de_Reserva_de_la_Marina_de_Estados_Unidos\">Flotas de Reserva de la Marina de Estados Unidos<\/a>&nbsp;y eliminado del Registro Naval, y posterior fue transferido, bajo el&nbsp;<em>Security Assistance Program<\/em>, a la&nbsp;<a href=\"https:\/\/es.wikipedia.org\/wiki\/Argentina\">Argentina<\/a>&nbsp;en 1961.<\/p>\n\n\n\n<p><strong>Servicio en la Armada Argentina<\/strong><\/p>\n\n\n\n<p>En 1961 fue adquirido por la Armada Argentina y renombrada como ARA&nbsp;<em>Comandante General Irigoyen<\/em>&nbsp;(A-1) en honor a Don Mat\u00edas de Irigoyen y de la Quintana que ocup\u00f3 la Secretar\u00eda de Guerra entre 1815 y 1819. Durante la&nbsp;<a href=\"https:\/\/es.wikipedia.org\/wiki\/Guerra_de_las_Malvinas\">Guerra de las Malvinas<\/a>&nbsp;estuvo estacionado en la&nbsp;<a href=\"https:\/\/es.wikipedia.org\/wiki\/Isla_de_los_Estados\">Isla de los Estados<\/a>&nbsp;y sirvi\u00f3 para rescatar a la tripulaci\u00f3n del crucero&nbsp;<a href=\"https:\/\/es.wikipedia.org\/wiki\/ARA_General_Belgrano\">ARA&nbsp;<em>General Belgrano<\/em><\/a>.<sup><a href=\"https:\/\/es.wikipedia.org\/wiki\/ARA_Comandante_General_Irigoyen_(A-1)#cite_note-1\">1<\/a><\/sup>\u200b Tambi\u00e9n sirvi\u00f3 como buque de apoyo ant\u00e1rtico y pr\u00e1cticas y entrenamiento de buceadores y submarinos.<sup><a href=\"https:\/\/es.wikipedia.org\/wiki\/ARA_Comandante_General_Irigoyen_(A-1)#cite_note-2\">2<\/a><\/sup>\u200b El 29 de septiembre de 2009 con 400&nbsp;000&nbsp;millas navegadas en el&nbsp;<a href=\"https:\/\/es.wikipedia.org\/wiki\/Mar_Argentino\">Mar Argentino<\/a>&nbsp;fue finalmente retirado.<sup><a href=\"https:\/\/es.wikipedia.org\/wiki\/ARA_Comandante_General_Irigoyen_(A-1)#cite_note-3\">3<\/a><\/sup>\u200b<\/p>\n\n\n\n<p><strong>Buque museo<\/strong><\/p>\n\n\n\n<p>Desde el 2010, se amarr\u00f3 de forma permanente en nuestra localidad como\u00a0<strong>Buque Museo\u00a0<em>Irigoyen<\/em><\/strong>, siendo el tercer buque museo de la Armada Argentina.<\/p>\n\n\n\n<ul class=\"wp-block-gallery columns-3 is-cropped wp-block-gallery-2 is-layout-flex wp-block-gallery-is-layout-flex\"><li class=\"blocks-gallery-item\"><figure><img decoding=\"async\" width=\"480\" height=\"360\" data-attachment-id=\"58457\" data-permalink=\"https:\/\/eldiariodesanpedro.com.ar\/sitio\/37-anos-despues-emocionante-encuentro-de-la-tripulacion-del-ara-irigoyen\/hqdefault-3\/\" data-orig-file=\"https:\/\/eldiariodesanpedro.com.ar\/sitio\/wp-content\/uploads\/2019\/08\/hqdefault.jpg\" data-orig-size=\"480,360\" data-comments-opened=\"1\" data-image-meta=\"{&quot;aperture&quot;:&quot;0&quot;,&quot;credit&quot;:&quot;&quot;,&quot;camera&quot;:&quot;&quot;,&quot;caption&quot;:&quot;&quot;,&quot;created_timestamp&quot;:&quot;0&quot;,&quot;copyright&quot;:&quot;&quot;,&quot;focal_length&quot;:&quot;0&quot;,&quot;iso&quot;:&quot;0&quot;,&quot;shutter_speed&quot;:&quot;0&quot;,&quot;title&quot;:&quot;&quot;,&quot;orientation&quot;:&quot;0&quot;}\" data-image-title=\"hqdefault\" data-image-description=\"\" data-image-caption=\"\" data-large-file=\"https:\/\/eldiariodesanpedro.com.ar\/sitio\/wp-content\/uploads\/2019\/08\/hqdefault.jpg\" data-src=\"https:\/\/eldiariodesanpedro.com.ar\/sitio\/wp-content\/uploads\/2019\/08\/hqdefault.jpg\" alt=\"\" data-id=\"58457\" data-link=\"https:\/\/eldiariodesanpedro.com.ar\/sitio\/?attachment_id=58457\" class=\"wp-image-58457 lazyload\" data-srcset=\"https:\/\/eldiariodesanpedro.com.ar\/sitio\/wp-content\/uploads\/2019\/08\/hqdefault.jpg 480w, https:\/\/eldiariodesanpedro.com.ar\/sitio\/wp-content\/uploads\/2019\/08\/hqdefault-300x225.jpg 300w\" data-sizes=\"(max-width: 480px) 100vw, 480px\" src=\"data:image\/svg+xml;base64,PHN2ZyB3aWR0aD0iMSIgaGVpZ2h0PSIxIiB4bWxucz0iaHR0cDovL3d3dy53My5vcmcvMjAwMC9zdmciPjwvc3ZnPg==\" style=\"--smush-placeholder-width: 480px; --smush-placeholder-aspect-ratio: 480\/360;\" \/><\/figure><\/li><li class=\"blocks-gallery-item\"><figure><img decoding=\"async\" width=\"600\" height=\"178\" data-attachment-id=\"58458\" data-permalink=\"https:\/\/eldiariodesanpedro.com.ar\/sitio\/37-anos-despues-emocionante-encuentro-de-la-tripulacion-del-ara-irigoyen\/ijab-avirx6\/\" data-orig-file=\"https:\/\/eldiariodesanpedro.com.ar\/sitio\/wp-content\/uploads\/2019\/08\/IJAB-AVIRx6.jpg\" data-orig-size=\"600,178\" data-comments-opened=\"1\" data-image-meta=\"{&quot;aperture&quot;:&quot;0&quot;,&quot;credit&quot;:&quot;&quot;,&quot;camera&quot;:&quot;&quot;,&quot;caption&quot;:&quot;&quot;,&quot;created_timestamp&quot;:&quot;0&quot;,&quot;copyright&quot;:&quot;&quot;,&quot;focal_length&quot;:&quot;0&quot;,&quot;iso&quot;:&quot;0&quot;,&quot;shutter_speed&quot;:&quot;0&quot;,&quot;title&quot;:&quot;&quot;,&quot;orientation&quot;:&quot;1&quot;}\" data-image-title=\"IJAB AVIRx6\" data-image-description=\"\" data-image-caption=\"\" data-large-file=\"https:\/\/eldiariodesanpedro.com.ar\/sitio\/wp-content\/uploads\/2019\/08\/IJAB-AVIRx6.jpg\" data-src=\"https:\/\/eldiariodesanpedro.com.ar\/sitio\/wp-content\/uploads\/2019\/08\/IJAB-AVIRx6.jpg\" alt=\"\" data-id=\"58458\" data-link=\"https:\/\/eldiariodesanpedro.com.ar\/sitio\/?attachment_id=58458\" class=\"wp-image-58458 lazyload\" data-srcset=\"https:\/\/eldiariodesanpedro.com.ar\/sitio\/wp-content\/uploads\/2019\/08\/IJAB-AVIRx6.jpg 600w, https:\/\/eldiariodesanpedro.com.ar\/sitio\/wp-content\/uploads\/2019\/08\/IJAB-AVIRx6-300x89.jpg 300w\" data-sizes=\"(max-width: 600px) 100vw, 600px\" src=\"data:image\/svg+xml;base64,PHN2ZyB3aWR0aD0iMSIgaGVpZ2h0PSIxIiB4bWxucz0iaHR0cDovL3d3dy53My5vcmcvMjAwMC9zdmciPjwvc3ZnPg==\" style=\"--smush-placeholder-width: 600px; --smush-placeholder-aspect-ratio: 600\/178;\" \/><\/figure><\/li><li class=\"blocks-gallery-item\"><figure><img decoding=\"async\" width=\"550\" height=\"413\" data-attachment-id=\"58460\" data-permalink=\"https:\/\/eldiariodesanpedro.com.ar\/sitio\/37-anos-despues-emocionante-encuentro-de-la-tripulacion-del-ara-irigoyen\/buque-museo-ara-irigoyen\/\" data-orig-file=\"https:\/\/eldiariodesanpedro.com.ar\/sitio\/wp-content\/uploads\/2019\/08\/buque-museo-ara-irigoyen.jpg\" data-orig-size=\"550,413\" data-comments-opened=\"1\" data-image-meta=\"{&quot;aperture&quot;:&quot;0&quot;,&quot;credit&quot;:&quot;&quot;,&quot;camera&quot;:&quot;&quot;,&quot;caption&quot;:&quot;&quot;,&quot;created_timestamp&quot;:&quot;0&quot;,&quot;copyright&quot;:&quot;&quot;,&quot;focal_length&quot;:&quot;0&quot;,&quot;iso&quot;:&quot;0&quot;,&quot;shutter_speed&quot;:&quot;0&quot;,&quot;title&quot;:&quot;&quot;,&quot;orientation&quot;:&quot;0&quot;}\" data-image-title=\"buque-museo-ara-irigoyen\" data-image-description=\"\" data-image-caption=\"\" data-large-file=\"https:\/\/eldiariodesanpedro.com.ar\/sitio\/wp-content\/uploads\/2019\/08\/buque-museo-ara-irigoyen.jpg\" data-src=\"https:\/\/eldiariodesanpedro.com.ar\/sitio\/wp-content\/uploads\/2019\/08\/buque-museo-ara-irigoyen.jpg\" alt=\"\" data-id=\"58460\" data-link=\"https:\/\/eldiariodesanpedro.com.ar\/sitio\/?attachment_id=58460\" class=\"wp-image-58460 lazyload\" data-srcset=\"https:\/\/eldiariodesanpedro.com.ar\/sitio\/wp-content\/uploads\/2019\/08\/buque-museo-ara-irigoyen.jpg 550w, https:\/\/eldiariodesanpedro.com.ar\/sitio\/wp-content\/uploads\/2019\/08\/buque-museo-ara-irigoyen-300x225.jpg 300w\" data-sizes=\"(max-width: 550px) 100vw, 550px\" src=\"data:image\/svg+xml;base64,PHN2ZyB3aWR0aD0iMSIgaGVpZ2h0PSIxIiB4bWxucz0iaHR0cDovL3d3dy53My5vcmcvMjAwMC9zdmciPjwvc3ZnPg==\" style=\"--smush-placeholder-width: 550px; --smush-placeholder-aspect-ratio: 550\/413;\" \/><\/figure><\/li><\/ul>\n\n\n\n<p><br><\/p>\n","protected":false},"excerpt":{"rendered":"<p>El evento se realizo este domingo por la ma\u00f1ana; organizado por ellos mismos, lograron un emocionante encuentro luego de 37 a\u00f1os. Los ex tripulantes del ARA Irigoyen que compartieron su misi\u00f3n durante la Guerra de Malvinas en 1982, volvieron a bordo. Ex soldados y personal de la Armada Argentina de distintos puntos del pa\u00eds, recordaron [&hellip;]<\/p>\n","protected":false},"author":4,"featured_media":58461,"comment_status":"open","ping_status":"closed","sticky":false,"template":"","format":"standard","meta":{"om_disable_all_campaigns":false,"_jetpack_memberships_contains_paid_content":false,"footnotes":""},"categories":[50,101,2],"tags":[],"class_list":["post-58456","post","type-post","status-publish","format-standard","has-post-thumbnail","hentry","category-destacadas","category-interes-general-locales","category-locales"],"aioseo_notices":[],"gutentor_comment":0,"jetpack_featured_media_url":"https:\/\/eldiariodesanpedro.com.ar\/sitio\/wp-content\/uploads\/2019\/08\/1-2.jpeg","jetpack_shortlink":"https:\/\/wp.me\/p6RhLt-fcQ","jetpack_sharing_enabled":true,"_links":{"self":[{"href":"https:\/\/eldiariodesanpedro.com.ar\/sitio\/wp-json\/wp\/v2\/posts\/58456","targetHints":{"allow":["GET"]}}],"collection":[{"href":"https:\/\/eldiariodesanpedro.com.ar\/sitio\/wp-json\/wp\/v2\/posts"}],"about":[{"href":"https:\/\/eldiariodesanpedro.com.ar\/sitio\/wp-json\/wp\/v2\/types\/post"}],"author":[{"embeddable":true,"href":"https:\/\/eldiariodesanpedro.com.ar\/sitio\/wp-json\/wp\/v2\/users\/4"}],"replies":[{"embeddable":true,"href":"https:\/\/eldiariodesanpedro.com.ar\/sitio\/wp-json\/wp\/v2\/comments?post=58456"}],"version-history":[{"count":1,"href":"https:\/\/eldiariodesanpedro.com.ar\/sitio\/wp-json\/wp\/v2\/posts\/58456\/revisions"}],"predecessor-version":[{"id":58465,"href":"https:\/\/eldiariodesanpedro.com.ar\/sitio\/wp-json\/wp\/v2\/posts\/58456\/revisions\/58465"}],"wp:featuredmedia":[{"embeddable":true,"href":"https:\/\/eldiariodesanpedro.com.ar\/sitio\/wp-json\/wp\/v2\/media\/58461"}],"wp:attachment":[{"href":"https:\/\/eldiariodesanpedro.com.ar\/sitio\/wp-json\/wp\/v2\/media?parent=58456"}],"wp:term":[{"taxonomy":"category","embeddable":true,"href":"https:\/\/eldiariodesanpedro.com.ar\/sitio\/wp-json\/wp\/v2\/categories?post=58456"},{"taxonomy":"post_tag","embeddable":true,"href":"https:\/\/eldiariodesanpedro.com.ar\/sitio\/wp-json\/wp\/v2\/tags?post=58456"}],"curies":[{"name":"wp","href":"https:\/\/api.w.org\/{rel}","templated":true}]}}