{"id":58432,"date":"2019-08-19T17:55:16","date_gmt":"2019-08-19T20:55:16","guid":{"rendered":"https:\/\/eldiariodesanpedro.com.ar\/sitio\/?p=58432"},"modified":"2019-08-19T17:55:21","modified_gmt":"2019-08-19T20:55:21","slug":"varios-aprehendidos-en-este-fin-de-semana","status":"publish","type":"post","link":"https:\/\/eldiariodesanpedro.com.ar\/sitio\/varios-aprehendidos-en-este-fin-de-semana\/","title":{"rendered":"Varios aprehendidos en este fin de semana"},"content":{"rendered":"<!-- VideographyWP Plugin Message: Automatic video embedding prevented by plugin options. -->\n\n<p>En la noche de este domingo la polic\u00eda de nuestra ciudad en Av. 11 de Septiembre y Chacabuco, procede a la aprehension de masculino de 28 a\u00f1os, a quien se le secuestr\u00f3 cigarrillo armado de marihuana.<\/p>\n\n\n\n<p>El s\u00e1bado en Operativo&nbsp; din\u00e1mico, en benefactora Sampedrina y Lavalle ciudad aprehendi\u00f3 masculino 16,&nbsp; secuestrandose un cigarrillo de marihuana.<\/p>\n\n\n\n<p>Este s\u00e1bado en horas de la tarde, el personal de esta dependencia, en ruta 1001 y Salta&nbsp; detuvo masculino de 42 a\u00f1os, registra captura  activa reciente a requerimiento  Juzgado Correccional N\u00b0 2, caratulada lesiones graves. Se cumplieron recaudos legales.<\/p>\n\n\n\n<p>Durante la madrugada del domingo en operativo din\u00e1mico en Mitre y Brown aprehendi\u00f3 masculino de 23 a\u00f1os, secuestrosele un cigarrillo marihuana y elemento para triturar sustancia.<br><\/p>\n","protected":false},"excerpt":{"rendered":"<p>En la noche de este domingo la polic\u00eda de nuestra ciudad en Av. 11 de Septiembre y Chacabuco, procede a la aprehension de masculino de 28 a\u00f1os, a quien se le secuestr\u00f3 cigarrillo armado de marihuana. El s\u00e1bado en Operativo&nbsp; din\u00e1mico, en benefactora Sampedrina y Lavalle ciudad aprehendi\u00f3 masculino 16,&nbsp; secuestrandose un cigarrillo de marihuana. [&hellip;]<\/p>\n","protected":false},"author":4,"featured_media":58066,"comment_status":"open","ping_status":"closed","sticky":false,"template":"","format":"standard","meta":{"om_disable_all_campaigns":false,"_jetpack_memberships_contains_paid_content":false,"footnotes":""},"categories":[2,103],"tags":[],"class_list":["post-58432","post","type-post","status-publish","format-standard","has-post-thumbnail","hentry","category-locales","category-policiales-locales"],"aioseo_notices":[],"gutentor_comment":0,"jetpack_featured_media_url":"https:\/\/eldiariodesanpedro.com.ar\/sitio\/wp-content\/uploads\/2019\/08\/481b02e42d146a4e99ba77fd5eedf3c3.jpg","jetpack_shortlink":"https:\/\/wp.me\/p6RhLt-fcs","jetpack_sharing_enabled":true,"_links":{"self":[{"href":"https:\/\/eldiariodesanpedro.com.ar\/sitio\/wp-json\/wp\/v2\/posts\/58432","targetHints":{"allow":["GET"]}}],"collection":[{"href":"https:\/\/eldiariodesanpedro.com.ar\/sitio\/wp-json\/wp\/v2\/posts"}],"about":[{"href":"https:\/\/eldiariodesanpedro.com.ar\/sitio\/wp-json\/wp\/v2\/types\/post"}],"author":[{"embeddable":true,"href":"https:\/\/eldiariodesanpedro.com.ar\/sitio\/wp-json\/wp\/v2\/users\/4"}],"replies":[{"embeddable":true,"href":"https:\/\/eldiariodesanpedro.com.ar\/sitio\/wp-json\/wp\/v2\/comments?post=58432"}],"version-history":[{"count":1,"href":"https:\/\/eldiariodesanpedro.com.ar\/sitio\/wp-json\/wp\/v2\/posts\/58432\/revisions"}],"predecessor-version":[{"id":58433,"href":"https:\/\/eldiariodesanpedro.com.ar\/sitio\/wp-json\/wp\/v2\/posts\/58432\/revisions\/58433"}],"wp:featuredmedia":[{"embeddable":true,"href":"https:\/\/eldiariodesanpedro.com.ar\/sitio\/wp-json\/wp\/v2\/media\/58066"}],"wp:attachment":[{"href":"https:\/\/eldiariodesanpedro.com.ar\/sitio\/wp-json\/wp\/v2\/media?parent=58432"}],"wp:term":[{"taxonomy":"category","embeddable":true,"href":"https:\/\/eldiariodesanpedro.com.ar\/sitio\/wp-json\/wp\/v2\/categories?post=58432"},{"taxonomy":"post_tag","embeddable":true,"href":"https:\/\/eldiariodesanpedro.com.ar\/sitio\/wp-json\/wp\/v2\/tags?post=58432"}],"curies":[{"name":"wp","href":"https:\/\/api.w.org\/{rel}","templated":true}]}}