{"id":58429,"date":"2019-08-19T17:22:38","date_gmt":"2019-08-19T20:22:38","guid":{"rendered":"https:\/\/eldiariodesanpedro.com.ar\/sitio\/?p=58429"},"modified":"2019-08-19T17:22:43","modified_gmt":"2019-08-19T20:22:43","slug":"una-pareja-de-turistas-con-un-nino-robaron-un-celular-en-la-via-publica","status":"publish","type":"post","link":"https:\/\/eldiariodesanpedro.com.ar\/sitio\/una-pareja-de-turistas-con-un-nino-robaron-un-celular-en-la-via-publica\/","title":{"rendered":"Una pareja de turistas con un ni\u00f1o robaron un celular  en la v\u00eda p\u00fablica"},"content":{"rendered":"<!-- VideographyWP Plugin Message: Automatic video embedding prevented by plugin options. -->\n\n<p>Este domingo en horas de la tarde personal de la polic\u00eda de nuestra ciudad es alertada de sustracci\u00f3n de celular en la v\u00eda p\u00fablica a un joven matrimonio en Mitre y Caron\u00ed, mediante la modalidad hurto, se mont\u00f3 un amplio operativo, ya que las v\u00edctima lograron ver a los delincuentes que fugaban a la carrera, trat\u00e1ndose de una mujer y un hombre en compa\u00f1\u00eda de un menor de edad.&nbsp;<\/p>\n\n\n\n<p>Seguidamente en Mitre al 1300, se logra interceptar a masculino 22 a\u00f1os junto a menor de 6, y posteriormente en Mitre al 2000 a la mujer de 21 a\u00f1os de edad .<\/p>\n\n\n\n<p>No se logr\u00f3 el secuestro del tel\u00e9fono sustra\u00eddo. La mujer en sede policial agredi\u00f3 al personal policial, resultando aprehendida por resistencia a la autoridad.&nbsp;<\/p>\n\n\n\n<p>Intervino la fiscal\u00eda local en turno. La pareja de delincuentes resultan oriundos de La Matanza.&nbsp; <br><\/p>\n","protected":false},"excerpt":{"rendered":"<p>Este domingo en horas de la tarde personal de la polic\u00eda de nuestra ciudad es alertada de sustracci\u00f3n de celular en la v\u00eda p\u00fablica a un joven matrimonio en Mitre y Caron\u00ed, mediante la modalidad hurto, se mont\u00f3 un amplio operativo, ya que las v\u00edctima lograron ver a los delincuentes que fugaban a la carrera, [&hellip;]<\/p>\n","protected":false},"author":4,"featured_media":58430,"comment_status":"open","ping_status":"closed","sticky":false,"template":"","format":"standard","meta":{"om_disable_all_campaigns":false,"_jetpack_memberships_contains_paid_content":false,"footnotes":""},"categories":[2,103],"tags":[],"class_list":["post-58429","post","type-post","status-publish","format-standard","has-post-thumbnail","hentry","category-locales","category-policiales-locales"],"aioseo_notices":[],"gutentor_comment":0,"jetpack_featured_media_url":"https:\/\/eldiariodesanpedro.com.ar\/sitio\/wp-content\/uploads\/2019\/08\/f800x450-30042_81488_0.jpg","jetpack_shortlink":"https:\/\/wp.me\/p6RhLt-fcp","jetpack_sharing_enabled":true,"_links":{"self":[{"href":"https:\/\/eldiariodesanpedro.com.ar\/sitio\/wp-json\/wp\/v2\/posts\/58429","targetHints":{"allow":["GET"]}}],"collection":[{"href":"https:\/\/eldiariodesanpedro.com.ar\/sitio\/wp-json\/wp\/v2\/posts"}],"about":[{"href":"https:\/\/eldiariodesanpedro.com.ar\/sitio\/wp-json\/wp\/v2\/types\/post"}],"author":[{"embeddable":true,"href":"https:\/\/eldiariodesanpedro.com.ar\/sitio\/wp-json\/wp\/v2\/users\/4"}],"replies":[{"embeddable":true,"href":"https:\/\/eldiariodesanpedro.com.ar\/sitio\/wp-json\/wp\/v2\/comments?post=58429"}],"version-history":[{"count":1,"href":"https:\/\/eldiariodesanpedro.com.ar\/sitio\/wp-json\/wp\/v2\/posts\/58429\/revisions"}],"predecessor-version":[{"id":58431,"href":"https:\/\/eldiariodesanpedro.com.ar\/sitio\/wp-json\/wp\/v2\/posts\/58429\/revisions\/58431"}],"wp:featuredmedia":[{"embeddable":true,"href":"https:\/\/eldiariodesanpedro.com.ar\/sitio\/wp-json\/wp\/v2\/media\/58430"}],"wp:attachment":[{"href":"https:\/\/eldiariodesanpedro.com.ar\/sitio\/wp-json\/wp\/v2\/media?parent=58429"}],"wp:term":[{"taxonomy":"category","embeddable":true,"href":"https:\/\/eldiariodesanpedro.com.ar\/sitio\/wp-json\/wp\/v2\/categories?post=58429"},{"taxonomy":"post_tag","embeddable":true,"href":"https:\/\/eldiariodesanpedro.com.ar\/sitio\/wp-json\/wp\/v2\/tags?post=58429"}],"curies":[{"name":"wp","href":"https:\/\/api.w.org\/{rel}","templated":true}]}}