{"id":58426,"date":"2019-08-19T17:15:02","date_gmt":"2019-08-19T20:15:02","guid":{"rendered":"https:\/\/eldiariodesanpedro.com.ar\/sitio\/?p=58426"},"modified":"2019-08-19T17:15:06","modified_gmt":"2019-08-19T20:15:06","slug":"roban-a-una-mujer-una-motocicleta","status":"publish","type":"post","link":"https:\/\/eldiariodesanpedro.com.ar\/sitio\/roban-a-una-mujer-una-motocicleta\/","title":{"rendered":"Roban a una mujer una motocicleta"},"content":{"rendered":"<!-- VideographyWP Plugin Message: Automatic video embedding prevented by plugin options. -->\n\n<p>En horas de la madrugada de este lunes el personal de la comisar\u00eda alertado de la sustracci\u00f3n de una motocicleta del tipo 110 cc y pertenencias a una mujer, se monta un operativo cerrojo, logrando detener a dos delincuentes reconocidos de 23 y 16 a\u00f1os de edad. El menor circulaba en la moto robada y el mayor en moto de alta cilindrada en la que circulaban ambos para cometer el hecho.&nbsp;<\/p>\n\n\n\n<p>En poder del menor se secuestro un arma blanca que utilizaron para la comisi\u00f3n del hecho y en poder del mayor las pertenencias de la mujer (telefonia celular y otros). El hecho ocurri\u00f3 instantes antes de su detenci\u00f3n en Rivadavia y Pav\u00f3n, cuando la mujer de 28 a\u00f1os, circulando en su moto 110cc fue abordada por dos delincuentes que utilizando la modalidad motochorro en motocicleta&nbsp; de alta cilindrada, con arma blanca la amenazan y la despojan de sus pertenencias y de la motocicleta fugado de la escena raudamente.&nbsp;<\/p>\n\n\n\n<p>La v\u00edctima result\u00f3 ilesa habiendo realizado la correspondiente denuncia, y\u00a0 a la postre le fueron entregados los efectos recuperados. Los delincuentes fueron puestos a disposici\u00f3n de la fiscal\u00eda del joven de San Nicolas, el menor recupero la libertad mientras el mayor de los cacos permanece detenido en la comisaria local a disposici\u00f3n judicial imputados ambos del delito de Robo Calificado. Ambos delincuentes residen en esta ciudad.\u00a0 <br><\/p>\n","protected":false},"excerpt":{"rendered":"<p>En horas de la madrugada de este lunes el personal de la comisar\u00eda alertado de la sustracci\u00f3n de una motocicleta del tipo 110 cc y pertenencias a una mujer, se monta un operativo cerrojo, logrando detener a dos delincuentes reconocidos de 23 y 16 a\u00f1os de edad. El menor circulaba en la moto robada y [&hellip;]<\/p>\n","protected":false},"author":4,"featured_media":57348,"comment_status":"open","ping_status":"closed","sticky":false,"template":"","format":"standard","meta":{"om_disable_all_campaigns":false,"_jetpack_memberships_contains_paid_content":false,"footnotes":""},"categories":[2,103],"tags":[],"class_list":["post-58426","post","type-post","status-publish","format-standard","has-post-thumbnail","hentry","category-locales","category-policiales-locales"],"aioseo_notices":[],"gutentor_comment":0,"jetpack_featured_media_url":"https:\/\/eldiariodesanpedro.com.ar\/sitio\/wp-content\/uploads\/2019\/08\/1558279915407.jpg","jetpack_shortlink":"https:\/\/wp.me\/p6RhLt-fcm","jetpack_sharing_enabled":true,"_links":{"self":[{"href":"https:\/\/eldiariodesanpedro.com.ar\/sitio\/wp-json\/wp\/v2\/posts\/58426","targetHints":{"allow":["GET"]}}],"collection":[{"href":"https:\/\/eldiariodesanpedro.com.ar\/sitio\/wp-json\/wp\/v2\/posts"}],"about":[{"href":"https:\/\/eldiariodesanpedro.com.ar\/sitio\/wp-json\/wp\/v2\/types\/post"}],"author":[{"embeddable":true,"href":"https:\/\/eldiariodesanpedro.com.ar\/sitio\/wp-json\/wp\/v2\/users\/4"}],"replies":[{"embeddable":true,"href":"https:\/\/eldiariodesanpedro.com.ar\/sitio\/wp-json\/wp\/v2\/comments?post=58426"}],"version-history":[{"count":1,"href":"https:\/\/eldiariodesanpedro.com.ar\/sitio\/wp-json\/wp\/v2\/posts\/58426\/revisions"}],"predecessor-version":[{"id":58428,"href":"https:\/\/eldiariodesanpedro.com.ar\/sitio\/wp-json\/wp\/v2\/posts\/58426\/revisions\/58428"}],"wp:featuredmedia":[{"embeddable":true,"href":"https:\/\/eldiariodesanpedro.com.ar\/sitio\/wp-json\/wp\/v2\/media\/57348"}],"wp:attachment":[{"href":"https:\/\/eldiariodesanpedro.com.ar\/sitio\/wp-json\/wp\/v2\/media?parent=58426"}],"wp:term":[{"taxonomy":"category","embeddable":true,"href":"https:\/\/eldiariodesanpedro.com.ar\/sitio\/wp-json\/wp\/v2\/categories?post=58426"},{"taxonomy":"post_tag","embeddable":true,"href":"https:\/\/eldiariodesanpedro.com.ar\/sitio\/wp-json\/wp\/v2\/tags?post=58426"}],"curies":[{"name":"wp","href":"https:\/\/api.w.org\/{rel}","templated":true}]}}