{"id":58423,"date":"2019-08-19T16:58:10","date_gmt":"2019-08-19T19:58:10","guid":{"rendered":"https:\/\/eldiariodesanpedro.com.ar\/sitio\/?p=58423"},"modified":"2019-08-19T16:58:14","modified_gmt":"2019-08-19T19:58:14","slug":"nueva-donacion-de-un-fosil-para-el-museo-paleontologico","status":"publish","type":"post","link":"https:\/\/eldiariodesanpedro.com.ar\/sitio\/nueva-donacion-de-un-fosil-para-el-museo-paleontologico\/","title":{"rendered":"Nueva donaci\u00f3n de un f\u00f3sil para el Museo Paleontologico"},"content":{"rendered":"<!-- VideographyWP Plugin Message: Automatic video embedding prevented by plugin options. -->\n\n<p><strong><em>Leonardo Celi\u00e9<\/em><\/strong>, vecino de la ciudad, divis\u00f3 un fragmento que le llam\u00f3 la atenci\u00f3n en un cargamento de tosca destinado al basamento de la nueva central termoel\u00e9ctrica. La superficie del objeto presentaba una curiosa ornamentaci\u00f3n que lo llev\u00f3 a pensar que se trataba de un f\u00f3sil.<\/p>\n\n\n\n<p>A los pocos d\u00edas lo acerc\u00f3 al Museo Paleontol\u00f3gico para que el Grupo Conservacionista lo analizara y para que quedara en la colecci\u00f3n de la instituci\u00f3n.<\/p>\n\n\n\n<p><strong>Un fragmento de armadillo prehist\u00f3rico<\/strong><\/p>\n\n\n\n<p>El objeto recuperado por Celi\u00e9&nbsp;<strong><em>result\u00f3 ser un fragmento del tubo caudal o cola&nbsp;<\/em><\/strong>de un armadillo gigante del g\u00e9nero Neosclerocalyptus.<\/p>\n\n\n\n<p>Estos animales fueron una de las especies m\u00e1s chicas del grupo de los gliptodontes o armadillos gigantes, llegando a medir 1,80 m de longitud y pesar unos 200 a 220 kilogramos. Todo su cuerpo estaba revestido de una armadura de 1 cm de espesor que lo proteg\u00eda de los depredadores.<\/p>\n\n\n\n<p>Una caracter\u00edstica \u00fanica en estos peque\u00f1os gliptodontes era la presencia de una especie de zona \u201cglobular\u201d en la regi\u00f3n m\u00e1s anterior del cr\u00e1neo, a nivel de los huesos nasales. En las especies m\u00e1s antiguas esta zona aparec\u00eda poco desarrollada, pero se hac\u00eda m\u00e1s notable en las especies m\u00e1s modernas, llegando a alcanzar un tama\u00f1o sumamente considerable.<\/p>\n\n\n\n<p>Nadie sabe a ciencia cierta cu\u00e1l era la funci\u00f3n de esta estructura tan particular, aunque probablemente haya constituido una adaptaci\u00f3n a los climas fr\u00edos y \u00e1ridos\/semi\u00e1ridos t\u00edpicos del Pleistoceno, aunque la cuesti\u00f3n sigue abierta y el misterio sin resolver.<\/p>\n\n\n\n<p>Desde el Museo Paleontol\u00f3gico se logr\u00f3 determinar que la pieza hallada por Celi\u00e9 proviene de una capa sedimentaria ubicada a unos 9 metros de profundidad en la zona de Barrio La Tosquera, m\u00e1s precisamente en la cantera Agus-Mar, propiedad de la familia Iglesias. Observaciones de campo efectuadas por el equipo del Museo en los \u00faltimos a\u00f1os permitieron saber que ese piso form\u00f3 parte de un antiguo humedal en el que quedaban atrapados diferentes animales que habitaron el pasado de nuestra zona.<\/p>\n\n\n\n<p>Todo un zool\u00f3gico prehist\u00f3rico&#8230;&nbsp;<\/p>\n","protected":false},"excerpt":{"rendered":"<p>Leonardo Celi\u00e9, vecino de la ciudad, divis\u00f3 un fragmento que le llam\u00f3 la atenci\u00f3n en un cargamento de tosca destinado al basamento de la nueva central termoel\u00e9ctrica. La superficie del objeto presentaba una curiosa ornamentaci\u00f3n que lo llev\u00f3 a pensar que se trataba de un f\u00f3sil. A los pocos d\u00edas lo acerc\u00f3 al Museo Paleontol\u00f3gico [&hellip;]<\/p>\n","protected":false},"author":4,"featured_media":58424,"comment_status":"open","ping_status":"closed","sticky":false,"template":"","format":"standard","meta":{"om_disable_all_campaigns":false,"_jetpack_memberships_contains_paid_content":false,"footnotes":""},"categories":[101,2],"tags":[],"class_list":["post-58423","post","type-post","status-publish","format-standard","has-post-thumbnail","hentry","category-interes-general-locales","category-locales"],"aioseo_notices":[],"gutentor_comment":0,"jetpack_featured_media_url":"https:\/\/eldiariodesanpedro.com.ar\/sitio\/wp-content\/uploads\/2019\/08\/IMG_20190818_155217.jpg","jetpack_shortlink":"https:\/\/wp.me\/p6RhLt-fcj","jetpack_sharing_enabled":true,"_links":{"self":[{"href":"https:\/\/eldiariodesanpedro.com.ar\/sitio\/wp-json\/wp\/v2\/posts\/58423","targetHints":{"allow":["GET"]}}],"collection":[{"href":"https:\/\/eldiariodesanpedro.com.ar\/sitio\/wp-json\/wp\/v2\/posts"}],"about":[{"href":"https:\/\/eldiariodesanpedro.com.ar\/sitio\/wp-json\/wp\/v2\/types\/post"}],"author":[{"embeddable":true,"href":"https:\/\/eldiariodesanpedro.com.ar\/sitio\/wp-json\/wp\/v2\/users\/4"}],"replies":[{"embeddable":true,"href":"https:\/\/eldiariodesanpedro.com.ar\/sitio\/wp-json\/wp\/v2\/comments?post=58423"}],"version-history":[{"count":1,"href":"https:\/\/eldiariodesanpedro.com.ar\/sitio\/wp-json\/wp\/v2\/posts\/58423\/revisions"}],"predecessor-version":[{"id":58425,"href":"https:\/\/eldiariodesanpedro.com.ar\/sitio\/wp-json\/wp\/v2\/posts\/58423\/revisions\/58425"}],"wp:featuredmedia":[{"embeddable":true,"href":"https:\/\/eldiariodesanpedro.com.ar\/sitio\/wp-json\/wp\/v2\/media\/58424"}],"wp:attachment":[{"href":"https:\/\/eldiariodesanpedro.com.ar\/sitio\/wp-json\/wp\/v2\/media?parent=58423"}],"wp:term":[{"taxonomy":"category","embeddable":true,"href":"https:\/\/eldiariodesanpedro.com.ar\/sitio\/wp-json\/wp\/v2\/categories?post=58423"},{"taxonomy":"post_tag","embeddable":true,"href":"https:\/\/eldiariodesanpedro.com.ar\/sitio\/wp-json\/wp\/v2\/tags?post=58423"}],"curies":[{"name":"wp","href":"https:\/\/api.w.org\/{rel}","templated":true}]}}