{"id":58420,"date":"2019-08-19T16:53:46","date_gmt":"2019-08-19T19:53:46","guid":{"rendered":"https:\/\/eldiariodesanpedro.com.ar\/sitio\/?p=58420"},"modified":"2019-08-19T16:53:50","modified_gmt":"2019-08-19T19:53:50","slug":"el-sec-adquirio-un-terreno-para-la-construccion-de-un-salon-de-usos-multiples","status":"publish","type":"post","link":"https:\/\/eldiariodesanpedro.com.ar\/sitio\/el-sec-adquirio-un-terreno-para-la-construccion-de-un-salon-de-usos-multiples\/","title":{"rendered":"El SEC adquiri\u00f3 un terreno para la construcci\u00f3n de un Sal\u00f3n de Usos M\u00faltiples"},"content":{"rendered":"<!-- VideographyWP Plugin Message: Automatic video embedding prevented by plugin options. -->\n\n<p>En coincidencia con la celebraci\u00f3n del 83\u00ba aniversario, el Sindicato de Empleados de Comercio concret\u00f3 la adquisici\u00f3n de un terreno de 1000 metros cuadrados, a pocos metros del Camino a Vuelta de Obligado en inmediaciones del Centro de Rehabilitaci\u00f3n de SADIV.\u00a0\u00a0El predio que tiene uno de sus v\u00e9rtices en la intersecci\u00f3n de Lucio Mansilla y el Callej\u00f3n Tulisi, ha representado una gran inversi\u00f3n del sindicato conducido por Marcelo Mosteiro, que proyecta en los pr\u00f3ximos a\u00f1os la construcci\u00f3n de un Sal\u00f3n de Usos M\u00faltiples y un \u00c1rea Recreativa.<\/p>\n\n\n\n<p>La superficie a construir, de unos 400 metros cuadrados, &nbsp;contar\u00e1 con todas las dependencias necesarias, planificadas con un proyecto sustentable con el medio ambiente y que considerar\u00e1 todos esos aspectos en su ejecuci\u00f3n.&nbsp; Por las dimensiones del predio tambi\u00e9n ser\u00e1 posible disponer de una amplia zona parquizada que se integrar\u00e1 con el edificio principal.&nbsp;<\/p>\n\n\n\n<p>La posesi\u00f3n del predio ya implica una gran satisfacci\u00f3n para el sindicato que ha venido impulsando acciones y actividades de desarrollo y capacitaci\u00f3n en las instalaciones de calle Pellegrini.&nbsp;La modernizaci\u00f3n y adaptaci\u00f3n completa para la circulaci\u00f3n de personas con necesidades especiales, la incorporaci\u00f3n de mejoras tecnol\u00f3gicas y el constante acompa\u00f1amiento a los afiliados, suma con esta novedad otro gran paso para todos los que forman parte del SEC.\n\n<\/p>\n","protected":false},"excerpt":{"rendered":"<p>En coincidencia con la celebraci\u00f3n del 83\u00ba aniversario, el Sindicato de Empleados de Comercio concret\u00f3 la adquisici\u00f3n de un terreno de 1000 metros cuadrados, a pocos metros del Camino a Vuelta de Obligado en inmediaciones del Centro de Rehabilitaci\u00f3n de SADIV.\u00a0\u00a0El predio que tiene uno de sus v\u00e9rtices en la intersecci\u00f3n de Lucio Mansilla y [&hellip;]<\/p>\n","protected":false},"author":4,"featured_media":58421,"comment_status":"open","ping_status":"closed","sticky":false,"template":"","format":"standard","meta":{"om_disable_all_campaigns":false,"_jetpack_memberships_contains_paid_content":false,"footnotes":""},"categories":[101,2],"tags":[],"class_list":["post-58420","post","type-post","status-publish","format-standard","has-post-thumbnail","hentry","category-interes-general-locales","category-locales"],"aioseo_notices":[],"gutentor_comment":0,"jetpack_featured_media_url":"https:\/\/eldiariodesanpedro.com.ar\/sitio\/wp-content\/uploads\/2019\/08\/plano2.jpg","jetpack_shortlink":"https:\/\/wp.me\/p6RhLt-fcg","jetpack_sharing_enabled":true,"_links":{"self":[{"href":"https:\/\/eldiariodesanpedro.com.ar\/sitio\/wp-json\/wp\/v2\/posts\/58420","targetHints":{"allow":["GET"]}}],"collection":[{"href":"https:\/\/eldiariodesanpedro.com.ar\/sitio\/wp-json\/wp\/v2\/posts"}],"about":[{"href":"https:\/\/eldiariodesanpedro.com.ar\/sitio\/wp-json\/wp\/v2\/types\/post"}],"author":[{"embeddable":true,"href":"https:\/\/eldiariodesanpedro.com.ar\/sitio\/wp-json\/wp\/v2\/users\/4"}],"replies":[{"embeddable":true,"href":"https:\/\/eldiariodesanpedro.com.ar\/sitio\/wp-json\/wp\/v2\/comments?post=58420"}],"version-history":[{"count":1,"href":"https:\/\/eldiariodesanpedro.com.ar\/sitio\/wp-json\/wp\/v2\/posts\/58420\/revisions"}],"predecessor-version":[{"id":58422,"href":"https:\/\/eldiariodesanpedro.com.ar\/sitio\/wp-json\/wp\/v2\/posts\/58420\/revisions\/58422"}],"wp:featuredmedia":[{"embeddable":true,"href":"https:\/\/eldiariodesanpedro.com.ar\/sitio\/wp-json\/wp\/v2\/media\/58421"}],"wp:attachment":[{"href":"https:\/\/eldiariodesanpedro.com.ar\/sitio\/wp-json\/wp\/v2\/media?parent=58420"}],"wp:term":[{"taxonomy":"category","embeddable":true,"href":"https:\/\/eldiariodesanpedro.com.ar\/sitio\/wp-json\/wp\/v2\/categories?post=58420"},{"taxonomy":"post_tag","embeddable":true,"href":"https:\/\/eldiariodesanpedro.com.ar\/sitio\/wp-json\/wp\/v2\/tags?post=58420"}],"curies":[{"name":"wp","href":"https:\/\/api.w.org\/{rel}","templated":true}]}}