{"id":58411,"date":"2019-08-19T16:48:23","date_gmt":"2019-08-19T19:48:23","guid":{"rendered":"https:\/\/eldiariodesanpedro.com.ar\/sitio\/?p=58411"},"modified":"2019-08-19T16:48:28","modified_gmt":"2019-08-19T19:48:28","slug":"automovilismo-al-morro-se-le-escapo-por-poco","status":"publish","type":"post","link":"https:\/\/eldiariodesanpedro.com.ar\/sitio\/automovilismo-al-morro-se-le-escapo-por-poco\/","title":{"rendered":"Automovilismo: Al \u00abMorro\u00bb se le escap\u00f3 por poco"},"content":{"rendered":"<!-- VideographyWP Plugin Message: Automatic video embedding prevented by plugin options. -->\n\n<p>El piloto sampedrina ven\u00eda bien perfilado para subirse otra vez al podio pero una maniobra arriesgada en la \u00faltima vuelta lo releg\u00f3 a la cuarta posici\u00f3n de la final.&nbsp;<br><\/p>\n\n\n\n<p>La d\u00e9cima fecha del TC Pista Mouras tuvo otra vez como protagonista al piloto sampedrino Fernando \u00abMorro\u00bb Iglesias. El Chevrolet estuvo muy cerca de estar otra ve en el podio pero una arriesgada maniobra buscando llegar al primer lugar de la final origin\u00f3 un toque y despiste que lo releg\u00f3 al cuarto puesto.<\/p>\n\n\n\n<p>SUERTE Y FELICIDAD PARA CASTRO SERRANO<\/p>\n\n\n\n<p>El inicio de la competencia fue complejo: Otto Fritzler y Mat\u00edas Frano largaron desde la primera fila y hubo roces entre ambos. Tal fue as\u00ed que en el ingreso a la primera curva se llevaron a cabo m\u00faltiples impactos que provocaron el abandono de diversos pilotos: Ian Reutemann (fue apercibido por maniobra peligrosa), Dino Pieraligi, entre otros. Por eso, los Comisarios Deportivos decidieron excluir a Fritzler y Frano reiteraci\u00f3n de toques.<\/p>\n\n\n\n<p>La reanudaci\u00f3n tuvo a Juan Ignacio Maceira (Chevrolet) en la punta de la largada. Detr\u00e1s, Fernando Iglesias (Chevrolet) y Marcos Castro (Ford). Pero nuevamente, en el segundo giro, ingres\u00f3 el auto de seguridad: se despist\u00f3 Ramiro Granara, a bordo de su Dodge.<\/p>\n\n\n\n<p>El piloto del AA Racing tom\u00f3 el liderazgo. El \u201cMorro\u201d, su escolta en ese momento, presion\u00f3 constantemente. Una y otra vez. Maceira se defendi\u00f3. Pero en la d\u00e9cima vuelta sucedi\u00f3 lo peor para ambos: un toque en la curva N\u00b01 gener\u00f3 el despiste de ambos, perdiendo sus puestos (Iglesias fue apercibido por maniobra peligrosa). De esta manera Castro, ubicado 3\u00b0 en dicho momento, tuvo v\u00eda libre hacia la victoria. Impensado, pero real. El joven de 18 a\u00f1os se hizo con su segunda victoria en TC Pista Mouras, en su temporada debut en la categor\u00eda. El podio lo completaron Nicol\u00e1s Montanari (Dodge) y Justo Lacunza (Dodge).<\/p>\n\n\n\n<p>Fuente: San Pedro Informa<\/p>\n","protected":false},"excerpt":{"rendered":"<p>El piloto sampedrina ven\u00eda bien perfilado para subirse otra vez al podio pero una maniobra arriesgada en la \u00faltima vuelta lo releg\u00f3 a la cuarta posici\u00f3n de la final.&nbsp; La d\u00e9cima fecha del TC Pista Mouras tuvo otra vez como protagonista al piloto sampedrino Fernando \u00abMorro\u00bb Iglesias. El Chevrolet estuvo muy cerca de estar otra [&hellip;]<\/p>\n","protected":false},"author":4,"featured_media":58412,"comment_status":"open","ping_status":"closed","sticky":false,"template":"","format":"standard","meta":{"om_disable_all_campaigns":false,"_jetpack_memberships_contains_paid_content":false,"footnotes":""},"categories":[101,2],"tags":[],"class_list":["post-58411","post","type-post","status-publish","format-standard","has-post-thumbnail","hentry","category-interes-general-locales","category-locales"],"aioseo_notices":[],"gutentor_comment":0,"jetpack_featured_media_url":"https:\/\/eldiariodesanpedro.com.ar\/sitio\/wp-content\/uploads\/2019\/08\/000079258.jpg","jetpack_shortlink":"https:\/\/wp.me\/p6RhLt-fc7","jetpack_sharing_enabled":true,"_links":{"self":[{"href":"https:\/\/eldiariodesanpedro.com.ar\/sitio\/wp-json\/wp\/v2\/posts\/58411","targetHints":{"allow":["GET"]}}],"collection":[{"href":"https:\/\/eldiariodesanpedro.com.ar\/sitio\/wp-json\/wp\/v2\/posts"}],"about":[{"href":"https:\/\/eldiariodesanpedro.com.ar\/sitio\/wp-json\/wp\/v2\/types\/post"}],"author":[{"embeddable":true,"href":"https:\/\/eldiariodesanpedro.com.ar\/sitio\/wp-json\/wp\/v2\/users\/4"}],"replies":[{"embeddable":true,"href":"https:\/\/eldiariodesanpedro.com.ar\/sitio\/wp-json\/wp\/v2\/comments?post=58411"}],"version-history":[{"count":1,"href":"https:\/\/eldiariodesanpedro.com.ar\/sitio\/wp-json\/wp\/v2\/posts\/58411\/revisions"}],"predecessor-version":[{"id":58413,"href":"https:\/\/eldiariodesanpedro.com.ar\/sitio\/wp-json\/wp\/v2\/posts\/58411\/revisions\/58413"}],"wp:featuredmedia":[{"embeddable":true,"href":"https:\/\/eldiariodesanpedro.com.ar\/sitio\/wp-json\/wp\/v2\/media\/58412"}],"wp:attachment":[{"href":"https:\/\/eldiariodesanpedro.com.ar\/sitio\/wp-json\/wp\/v2\/media?parent=58411"}],"wp:term":[{"taxonomy":"category","embeddable":true,"href":"https:\/\/eldiariodesanpedro.com.ar\/sitio\/wp-json\/wp\/v2\/categories?post=58411"},{"taxonomy":"post_tag","embeddable":true,"href":"https:\/\/eldiariodesanpedro.com.ar\/sitio\/wp-json\/wp\/v2\/tags?post=58411"}],"curies":[{"name":"wp","href":"https:\/\/api.w.org\/{rel}","templated":true}]}}