{"id":58389,"date":"2019-08-19T16:42:46","date_gmt":"2019-08-19T19:42:46","guid":{"rendered":"https:\/\/eldiariodesanpedro.com.ar\/sitio\/?p=58389"},"modified":"2019-08-19T16:42:50","modified_gmt":"2019-08-19T19:42:50","slug":"incendio-destruyo-un-aula-de-la-escuela-10","status":"publish","type":"post","link":"https:\/\/eldiariodesanpedro.com.ar\/sitio\/incendio-destruyo-un-aula-de-la-escuela-10\/","title":{"rendered":"Incendio destruy\u00f3 un aula de la Escuela 10"},"content":{"rendered":"<!-- VideographyWP Plugin Message: Automatic video embedding prevented by plugin options. -->\n\n<p>Sucedi\u00f3 alrededor de las 10 horas y afect\u00f3 uno de los salones que se encuentran sobre el ingreso al establecimiento. Todo indicar\u00eda que se trat\u00f3 de un hecho intencional. Hallaron las luminarias del patio destruidas.\u00a0<\/p>\n\n\n\n<p>n incendio de proporciones se registr\u00f3 en la ma\u00f1ana del s\u00e1bado en la Escuela N\u00b0 10. El siniestro se origin\u00f3 cerca de las 10 horas cuando no hab\u00eda nadie en el lugar y afect\u00f3 a una de las aulas que se encuentra sobre el ala derecha en el ingreso al establecimiento.&nbsp;<\/p>\n\n\n\n<p>Las llamas se generalizaron r\u00e1pidamente en toda el aula y destruyeron el espacio por completo, adem\u00e1s da\u00f1os parte del sal\u00f3n contiguo.&nbsp;<\/p>\n\n\n\n<p>Tres unidades del cuerpo de Bomberos Voluntarios intervinieron en el hecho y debieron trabajar durante varios minutos hasta sofocar el fuego por completo. La labor en el lugar estuvo enmarcada tambi\u00e9n en enfriar el gas embazado que alimenta al establecimiento ya que el sistema se encuentra ubicado pared de por medio con el aula incendiada.&nbsp;&nbsp;<\/p>\n\n\n\n<p>Autoridades de la Escuela afectada y del Consejo Escolar arribaron al lugar de inmediato y los primeros datos relevados indicar\u00edan que se trat\u00f3 de un hecho intencional ya que se advirti\u00f3 que las luminarias del establecimiento se encontraban todas da\u00f1adas cuando hasta anoche estaban funcionando todas.&nbsp;<\/p>\n\n\n\n<p>Las dos aulas afectadas quedaron inutilizables ya que las paredes sufrieron importantes da\u00f1os, como tambi\u00e9n el piso y techos.\u00a0<\/p>\n\n\n\n<p>Fuente San Pedro Informa<\/p>\n\n\n\n\n\n<p><br><\/p>\n","protected":false},"excerpt":{"rendered":"<p>Sucedi\u00f3 alrededor de las 10 horas y afect\u00f3 uno de los salones que se encuentran sobre el ingreso al establecimiento. Todo indicar\u00eda que se trat\u00f3 de un hecho intencional. Hallaron las luminarias del patio destruidas.\u00a0 n incendio de proporciones se registr\u00f3 en la ma\u00f1ana del s\u00e1bado en la Escuela N\u00b0 10. El siniestro se origin\u00f3 [&hellip;]<\/p>\n","protected":false},"author":4,"featured_media":58390,"comment_status":"open","ping_status":"closed","sticky":false,"template":"","format":"standard","meta":{"om_disable_all_campaigns":false,"_jetpack_memberships_contains_paid_content":false,"footnotes":""},"categories":[2,103],"tags":[],"class_list":["post-58389","post","type-post","status-publish","format-standard","has-post-thumbnail","hentry","category-locales","category-policiales-locales"],"aioseo_notices":[],"gutentor_comment":0,"jetpack_featured_media_url":"https:\/\/eldiariodesanpedro.com.ar\/sitio\/wp-content\/uploads\/2019\/08\/WhatsApp-Image-2019-08-17-at-11.14.16.jpeg","jetpack_shortlink":"https:\/\/wp.me\/p6RhLt-fbL","jetpack_sharing_enabled":true,"_links":{"self":[{"href":"https:\/\/eldiariodesanpedro.com.ar\/sitio\/wp-json\/wp\/v2\/posts\/58389","targetHints":{"allow":["GET"]}}],"collection":[{"href":"https:\/\/eldiariodesanpedro.com.ar\/sitio\/wp-json\/wp\/v2\/posts"}],"about":[{"href":"https:\/\/eldiariodesanpedro.com.ar\/sitio\/wp-json\/wp\/v2\/types\/post"}],"author":[{"embeddable":true,"href":"https:\/\/eldiariodesanpedro.com.ar\/sitio\/wp-json\/wp\/v2\/users\/4"}],"replies":[{"embeddable":true,"href":"https:\/\/eldiariodesanpedro.com.ar\/sitio\/wp-json\/wp\/v2\/comments?post=58389"}],"version-history":[{"count":1,"href":"https:\/\/eldiariodesanpedro.com.ar\/sitio\/wp-json\/wp\/v2\/posts\/58389\/revisions"}],"predecessor-version":[{"id":58391,"href":"https:\/\/eldiariodesanpedro.com.ar\/sitio\/wp-json\/wp\/v2\/posts\/58389\/revisions\/58391"}],"wp:featuredmedia":[{"embeddable":true,"href":"https:\/\/eldiariodesanpedro.com.ar\/sitio\/wp-json\/wp\/v2\/media\/58390"}],"wp:attachment":[{"href":"https:\/\/eldiariodesanpedro.com.ar\/sitio\/wp-json\/wp\/v2\/media?parent=58389"}],"wp:term":[{"taxonomy":"category","embeddable":true,"href":"https:\/\/eldiariodesanpedro.com.ar\/sitio\/wp-json\/wp\/v2\/categories?post=58389"},{"taxonomy":"post_tag","embeddable":true,"href":"https:\/\/eldiariodesanpedro.com.ar\/sitio\/wp-json\/wp\/v2\/tags?post=58389"}],"curies":[{"name":"wp","href":"https:\/\/api.w.org\/{rel}","templated":true}]}}