{"id":58386,"date":"2019-08-19T16:23:18","date_gmt":"2019-08-19T19:23:18","guid":{"rendered":"https:\/\/eldiariodesanpedro.com.ar\/sitio\/?p=58386"},"modified":"2019-08-19T16:23:23","modified_gmt":"2019-08-19T19:23:23","slug":"zarate-encontraron-sangre-en-la-casa-de-la-joven-que-esta-desaparecida-y-detuvieron-a-su-marido","status":"publish","type":"post","link":"https:\/\/eldiariodesanpedro.com.ar\/sitio\/zarate-encontraron-sangre-en-la-casa-de-la-joven-que-esta-desaparecida-y-detuvieron-a-su-marido\/","title":{"rendered":"Z\u00c1RATE | Encontraron sangre en la casa de la joven que est\u00e1 desaparecida y detuvieron a su marido"},"content":{"rendered":"<!-- VideographyWP Plugin Message: Automatic video embedding prevented by plugin options. -->\n\n<p>La polic\u00eda encontr\u00f3 rastros de sangre en la vivienda de una joven de 26 a\u00f1os que se encuentra desaparecida desde el 2 de este mes en la localidad de Lima, vecina a la ciudad de Z\u00e1rate, y por presunto femicidio fue detenido su marido, informaron hoy fuentes de la investigaci\u00f3n.<\/p>\n\n\n\n<p>Los voceros detallaron que en el marco de la b\u00fasqueda de Stella Maris Ram\u00edrez, entre ayer y esta madrugada se realizaron allanamientos y rastrillajes en la zona de Lima y en el camino que conduce Atucha, aunque no dieron a\u00fan con la joven.<\/p>\n\n\n\n<p>Pero en la casa de Ram\u00edrez los pesquisas hallaron rastros de sangre, motivo por el cual el fiscal de Z\u00e1rate Alberto Guti\u00e9rres dispuso el arresto del marido de la desaparecida, identificado por los voceros como Carlos Entivero, quien en las pr\u00f3ximas horas ser\u00e1 indagado ante la sospecha de que pudo haber cometido un femicidio, dijeron los informantes.<\/p>\n\n\n\n<p>Ram\u00edrez, oriunda de la provincia de Chaco, desapareci\u00f3 el 2 de agosto \u00faltimo de su casa del barrio Granja 8, de Lima.<\/p>\n\n\n\n<p>Desde hace d\u00edas su familia, que vive e Chaco, publica en las redes sociales su foto y pide que quienes puedan aportar informaci\u00f3n sobre ella se comuniquen.<\/p>\n\n\n\n<p>Ayer, por orden judicial, efectivos de la Brigada Canina K9 de Campana, junto con personal de diversas dependencias policiales de la zona y de Polic\u00eda Cient\u00edfica, llevaron a cabo rastrillajes y allanamientos.<\/p>\n\n\n\n<p>Uno de ellos fue en la casa de la joven, donde se detectaron restos de sangre, por lo que se tomaron muestras para ser analizadas con el fin de determinar si pertenecen a Ram\u00edrez.<\/p>\n\n\n\n<p>Tras los operativos, que incluyeron un rastrillaje a lo largo de unos cinco kil\u00f3metros en un camino que va desde Lima a Atucha, el fiscal orden\u00f3 anoche la detenci\u00f3n de la pareja de la joven desaparecida para ser indagada como sospechoso de femicidio.<\/p>\n\n\n\n<p><strong>Fuente:&nbsp;<\/strong>Telam&nbsp;<\/p>\n","protected":false},"excerpt":{"rendered":"<p>La polic\u00eda encontr\u00f3 rastros de sangre en la vivienda de una joven de 26 a\u00f1os que se encuentra desaparecida desde el 2 de este mes en la localidad de Lima, vecina a la ciudad de Z\u00e1rate, y por presunto femicidio fue detenido su marido, informaron hoy fuentes de la investigaci\u00f3n. Los voceros detallaron que en [&hellip;]<\/p>\n","protected":false},"author":4,"featured_media":58387,"comment_status":"open","ping_status":"closed","sticky":false,"template":"","format":"standard","meta":{"om_disable_all_campaigns":false,"_jetpack_memberships_contains_paid_content":false,"footnotes":""},"categories":[621],"tags":[],"class_list":["post-58386","post","type-post","status-publish","format-standard","has-post-thumbnail","hentry","category-regionales"],"aioseo_notices":[],"gutentor_comment":0,"jetpack_featured_media_url":"https:\/\/eldiariodesanpedro.com.ar\/sitio\/wp-content\/uploads\/2019\/08\/20190816_094516-696x498.jpg","jetpack_shortlink":"https:\/\/wp.me\/p6RhLt-fbI","jetpack_sharing_enabled":true,"_links":{"self":[{"href":"https:\/\/eldiariodesanpedro.com.ar\/sitio\/wp-json\/wp\/v2\/posts\/58386","targetHints":{"allow":["GET"]}}],"collection":[{"href":"https:\/\/eldiariodesanpedro.com.ar\/sitio\/wp-json\/wp\/v2\/posts"}],"about":[{"href":"https:\/\/eldiariodesanpedro.com.ar\/sitio\/wp-json\/wp\/v2\/types\/post"}],"author":[{"embeddable":true,"href":"https:\/\/eldiariodesanpedro.com.ar\/sitio\/wp-json\/wp\/v2\/users\/4"}],"replies":[{"embeddable":true,"href":"https:\/\/eldiariodesanpedro.com.ar\/sitio\/wp-json\/wp\/v2\/comments?post=58386"}],"version-history":[{"count":1,"href":"https:\/\/eldiariodesanpedro.com.ar\/sitio\/wp-json\/wp\/v2\/posts\/58386\/revisions"}],"predecessor-version":[{"id":58388,"href":"https:\/\/eldiariodesanpedro.com.ar\/sitio\/wp-json\/wp\/v2\/posts\/58386\/revisions\/58388"}],"wp:featuredmedia":[{"embeddable":true,"href":"https:\/\/eldiariodesanpedro.com.ar\/sitio\/wp-json\/wp\/v2\/media\/58387"}],"wp:attachment":[{"href":"https:\/\/eldiariodesanpedro.com.ar\/sitio\/wp-json\/wp\/v2\/media?parent=58386"}],"wp:term":[{"taxonomy":"category","embeddable":true,"href":"https:\/\/eldiariodesanpedro.com.ar\/sitio\/wp-json\/wp\/v2\/categories?post=58386"},{"taxonomy":"post_tag","embeddable":true,"href":"https:\/\/eldiariodesanpedro.com.ar\/sitio\/wp-json\/wp\/v2\/tags?post=58386"}],"curies":[{"name":"wp","href":"https:\/\/api.w.org\/{rel}","templated":true}]}}