{"id":58383,"date":"2019-08-19T16:11:29","date_gmt":"2019-08-19T19:11:29","guid":{"rendered":"https:\/\/eldiariodesanpedro.com.ar\/sitio\/?p=58383"},"modified":"2019-08-19T16:11:33","modified_gmt":"2019-08-19T19:11:33","slug":"campana-volco-y-se-estrello-contra-un-arbol-en-una-curva-tristemente-celebre","status":"publish","type":"post","link":"https:\/\/eldiariodesanpedro.com.ar\/sitio\/campana-volco-y-se-estrello-contra-un-arbol-en-una-curva-tristemente-celebre\/","title":{"rendered":"CAMPANA | Volc\u00f3 y se estrell\u00f3 contra un \u00e1rbol en una curva \u00abtristemente c\u00e9lebre\u00bb"},"content":{"rendered":"<!-- VideographyWP Plugin Message: Automatic video embedding prevented by plugin options. -->\n\n<p>Una mujer result\u00f3 herida al protagonizar un accidente sobre la Autopista Panamericana, a la altura del kil\u00f3metro 66. La conductora sufri\u00f3 heridas de consideraci\u00f3n, y fue hospitalizada por el Same. Bomberos trabajaron en el lugar.<\/p>\n\n\n\n<p>\n\nMinutos antes de las cuatro de la tarde, un autom\u00f3vil volc\u00f3 a la altura del kil\u00f3metro 66 de la Panamericana, mano a Capital.<\/p>\n\n\n\n<p>Al parecer, el Volkswagen Golf patente EVA 743, conducido por Anal\u00eda Mariel Ulbrich, se sali\u00f3 de control y\u00e9ndose a la banquina, volcando e impactando contra un \u00e1rbol. El rodado termin\u00f3 con serios da\u00f1os materiales, y su conductora con lesiones de consideraci\u00f3n.<\/p>\n\n\n\n<p>Al lugar arrib\u00f3 el m\u00f3vil 43 de bomberos, y una ambulancia Same, la cual traslad\u00f3 a la mujer herida al hospital local, donde qued\u00f3 en observaci\u00f3n.<\/p>\n\n\n\n<p>Se hicieron presentes adem\u00e1s los m\u00f3viles zona 5 y 7 del CP local, junto a personal de Gendarmer\u00eda y Defensa Civil. <\/p>\n\n\n\n<p>Fuente: Campana Noticias<\/p>\n\n\n\n<p><br><\/p>\n","protected":false},"excerpt":{"rendered":"<p>Una mujer result\u00f3 herida al protagonizar un accidente sobre la Autopista Panamericana, a la altura del kil\u00f3metro 66. La conductora sufri\u00f3 heridas de consideraci\u00f3n, y fue hospitalizada por el Same. Bomberos trabajaron en el lugar. Minutos antes de las cuatro de la tarde, un autom\u00f3vil volc\u00f3 a la altura del kil\u00f3metro 66 de la Panamericana, [&hellip;]<\/p>\n","protected":false},"author":4,"featured_media":58384,"comment_status":"open","ping_status":"closed","sticky":false,"template":"","format":"standard","meta":{"om_disable_all_campaigns":false,"_jetpack_memberships_contains_paid_content":false,"footnotes":""},"categories":[621],"tags":[],"class_list":["post-58383","post","type-post","status-publish","format-standard","has-post-thumbnail","hentry","category-regionales"],"aioseo_notices":[],"gutentor_comment":0,"jetpack_featured_media_url":"https:\/\/eldiariodesanpedro.com.ar\/sitio\/wp-content\/uploads\/2019\/08\/20190818105328.jpg","jetpack_shortlink":"https:\/\/wp.me\/p6RhLt-fbF","jetpack_sharing_enabled":true,"_links":{"self":[{"href":"https:\/\/eldiariodesanpedro.com.ar\/sitio\/wp-json\/wp\/v2\/posts\/58383","targetHints":{"allow":["GET"]}}],"collection":[{"href":"https:\/\/eldiariodesanpedro.com.ar\/sitio\/wp-json\/wp\/v2\/posts"}],"about":[{"href":"https:\/\/eldiariodesanpedro.com.ar\/sitio\/wp-json\/wp\/v2\/types\/post"}],"author":[{"embeddable":true,"href":"https:\/\/eldiariodesanpedro.com.ar\/sitio\/wp-json\/wp\/v2\/users\/4"}],"replies":[{"embeddable":true,"href":"https:\/\/eldiariodesanpedro.com.ar\/sitio\/wp-json\/wp\/v2\/comments?post=58383"}],"version-history":[{"count":1,"href":"https:\/\/eldiariodesanpedro.com.ar\/sitio\/wp-json\/wp\/v2\/posts\/58383\/revisions"}],"predecessor-version":[{"id":58385,"href":"https:\/\/eldiariodesanpedro.com.ar\/sitio\/wp-json\/wp\/v2\/posts\/58383\/revisions\/58385"}],"wp:featuredmedia":[{"embeddable":true,"href":"https:\/\/eldiariodesanpedro.com.ar\/sitio\/wp-json\/wp\/v2\/media\/58384"}],"wp:attachment":[{"href":"https:\/\/eldiariodesanpedro.com.ar\/sitio\/wp-json\/wp\/v2\/media?parent=58383"}],"wp:term":[{"taxonomy":"category","embeddable":true,"href":"https:\/\/eldiariodesanpedro.com.ar\/sitio\/wp-json\/wp\/v2\/categories?post=58383"},{"taxonomy":"post_tag","embeddable":true,"href":"https:\/\/eldiariodesanpedro.com.ar\/sitio\/wp-json\/wp\/v2\/tags?post=58383"}],"curies":[{"name":"wp","href":"https:\/\/api.w.org\/{rel}","templated":true}]}}