{"id":58379,"date":"2019-08-19T16:06:06","date_gmt":"2019-08-19T19:06:06","guid":{"rendered":"https:\/\/eldiariodesanpedro.com.ar\/sitio\/?p=58379"},"modified":"2019-08-19T16:08:37","modified_gmt":"2019-08-19T19:08:37","slug":"baradero-violencia-en-la-noche-baradense","status":"publish","type":"post","link":"https:\/\/eldiariodesanpedro.com.ar\/sitio\/baradero-violencia-en-la-noche-baradense\/","title":{"rendered":"BARADERO | Violencia en la noche baradense"},"content":{"rendered":"<!-- VideographyWP Plugin Message: Automatic video embedding prevented by plugin options. -->\n\n<p>Este fin de semana en un local c\u00e9ntrico llamado el Birradero, se produjo un hecho de caracter\u00edsticas curiosas , supuestamente con una botella produjeron un enorme corte a un joven de apellido Martinez.<\/p>\n\n\n\n<p>En principio todos sabemos que est\u00e1 prohibido el expendio de bebidas alcoh\u00f3licas&nbsp; en botellas de vidrio, raz\u00f3n por la cual nos preguntamos como aparece en escena una botella.<\/p>\n\n\n\n<p>Despu\u00e9s de ocurrido el hecho el joven es traslado al hospital municipal donde el padre relata en la radio que&nbsp; en dicho nosocomio no radic\u00f3 la denuncia correspondiente y que a su hijo lo debieron suturar con 10 puntos .Hecho que lo realiz\u00f3 la enfermera , ya que el m\u00e9dico se neg\u00f3 a realizarlo seg\u00fan lo que manifest\u00f3 en di\u00e1logo con la radio Miguel Martinez.<\/p>\n\n\n\n<p>El m\u00e9dico de origen venezolano no quiso efectuar dicha sutura.<\/p>\n\n\n\n<p>Fuente: Tiempo Noticias<\/p>\n","protected":false},"excerpt":{"rendered":"<p>Este fin de semana en un local c\u00e9ntrico llamado el Birradero, se produjo un hecho de caracter\u00edsticas curiosas , supuestamente con una botella produjeron un enorme corte a un joven de apellido Martinez. En principio todos sabemos que est\u00e1 prohibido el expendio de bebidas alcoh\u00f3licas&nbsp; en botellas de vidrio, raz\u00f3n por la cual nos preguntamos [&hellip;]<\/p>\n","protected":false},"author":4,"featured_media":58382,"comment_status":"open","ping_status":"closed","sticky":false,"template":"","format":"standard","meta":{"om_disable_all_campaigns":false,"_jetpack_memberships_contains_paid_content":false,"footnotes":""},"categories":[621],"tags":[],"class_list":["post-58379","post","type-post","status-publish","format-standard","has-post-thumbnail","hentry","category-regionales"],"aioseo_notices":[],"gutentor_comment":0,"jetpack_featured_media_url":"https:\/\/eldiariodesanpedro.com.ar\/sitio\/wp-content\/uploads\/2019\/08\/f3788796-93f2-4656-8351-7682a78efc78.jpg","jetpack_shortlink":"https:\/\/wp.me\/p6RhLt-fbB","jetpack_sharing_enabled":true,"_links":{"self":[{"href":"https:\/\/eldiariodesanpedro.com.ar\/sitio\/wp-json\/wp\/v2\/posts\/58379","targetHints":{"allow":["GET"]}}],"collection":[{"href":"https:\/\/eldiariodesanpedro.com.ar\/sitio\/wp-json\/wp\/v2\/posts"}],"about":[{"href":"https:\/\/eldiariodesanpedro.com.ar\/sitio\/wp-json\/wp\/v2\/types\/post"}],"author":[{"embeddable":true,"href":"https:\/\/eldiariodesanpedro.com.ar\/sitio\/wp-json\/wp\/v2\/users\/4"}],"replies":[{"embeddable":true,"href":"https:\/\/eldiariodesanpedro.com.ar\/sitio\/wp-json\/wp\/v2\/comments?post=58379"}],"version-history":[{"count":1,"href":"https:\/\/eldiariodesanpedro.com.ar\/sitio\/wp-json\/wp\/v2\/posts\/58379\/revisions"}],"predecessor-version":[{"id":58380,"href":"https:\/\/eldiariodesanpedro.com.ar\/sitio\/wp-json\/wp\/v2\/posts\/58379\/revisions\/58380"}],"wp:featuredmedia":[{"embeddable":true,"href":"https:\/\/eldiariodesanpedro.com.ar\/sitio\/wp-json\/wp\/v2\/media\/58382"}],"wp:attachment":[{"href":"https:\/\/eldiariodesanpedro.com.ar\/sitio\/wp-json\/wp\/v2\/media?parent=58379"}],"wp:term":[{"taxonomy":"category","embeddable":true,"href":"https:\/\/eldiariodesanpedro.com.ar\/sitio\/wp-json\/wp\/v2\/categories?post=58379"},{"taxonomy":"post_tag","embeddable":true,"href":"https:\/\/eldiariodesanpedro.com.ar\/sitio\/wp-json\/wp\/v2\/tags?post=58379"}],"curies":[{"name":"wp","href":"https:\/\/api.w.org\/{rel}","templated":true}]}}