{"id":58376,"date":"2019-08-19T15:59:08","date_gmt":"2019-08-19T18:59:08","guid":{"rendered":"https:\/\/eldiariodesanpedro.com.ar\/sitio\/?p=58376"},"modified":"2019-08-19T15:59:12","modified_gmt":"2019-08-19T18:59:12","slug":"san-nicolas-un-hombre-de-30-anos-pelea-por-su-vida-tras-recibir-un-fuerte-golpe-en-la-cabeza","status":"publish","type":"post","link":"https:\/\/eldiariodesanpedro.com.ar\/sitio\/san-nicolas-un-hombre-de-30-anos-pelea-por-su-vida-tras-recibir-un-fuerte-golpe-en-la-cabeza\/","title":{"rendered":"SAN NICOLAS | Un hombre de 30 a\u00f1os pelea por su vida tras recibir un fuerte golpe en la cabeza"},"content":{"rendered":"<!-- VideographyWP Plugin Message: Automatic video embedding prevented by plugin options. -->\n\n<p>\n\nGer\u00f3nimo Vargas fue encontrado inconsciente, siendo derivado urgente a la Unidad de Terapia Intensiva (UTI) del Hospital San Felipe, presentando hundimiento de cr\u00e1neo, parietal y occipital con riesgo de vida.<\/p>\n\n\n\n<p>Ger\u00f3nimo Vargas termin\u00f3 inconsciente en calles Quint\u00edn C\u00f3rdova y Puerto Argentino, despu\u00e9s de ser agredido esta madrugada \u2013alrededor de las 6- con un hierro en la cabeza.<\/p>\n\n\n\n<p>Fue tras participar de un encuentro nocturno en el Club La Emilia, pero vale destacar que el hecho se dio fuera de las instalaciones de la instituci\u00f3n \u201cpa\u00f1era\u201d.<\/p>\n\n\n\n<p>BUSCAN A \u00abKOKO\u00bb LLAMAZARES<\/p>\n\n\n\n<p>La Polic\u00eda tiene identificado a un sospechoso de 25 a\u00f1os, conocido como Mart\u00edn \u201cKoko\u201d Llamazares de La Emilia. Cumplieron un allanamiento en su domicilio, pero no dieron con \u00e9l, encontr\u00e1ndose pr\u00f3fugo.<br>Altos referentes policiales le marcaron a FLASH24 que Mart\u00edn Llamazares est\u00e1 dentro de un grupo muy violento, acusado antes de varios hechos de violencia y da\u00f1os.<br>Ger\u00f3nimo Vargas (foto) vive en Villa Constituci\u00f3n, siendo padre de una hija.<\/p>\n\n\n\n<p>Fuente DIario El Informante<\/p>\n","protected":false},"excerpt":{"rendered":"<p>Ger\u00f3nimo Vargas fue encontrado inconsciente, siendo derivado urgente a la Unidad de Terapia Intensiva (UTI) del Hospital San Felipe, presentando hundimiento de cr\u00e1neo, parietal y occipital con riesgo de vida. Ger\u00f3nimo Vargas termin\u00f3 inconsciente en calles Quint\u00edn C\u00f3rdova y Puerto Argentino, despu\u00e9s de ser agredido esta madrugada \u2013alrededor de las 6- con un hierro en [&hellip;]<\/p>\n","protected":false},"author":4,"featured_media":58377,"comment_status":"open","ping_status":"closed","sticky":false,"template":"","format":"standard","meta":{"om_disable_all_campaigns":false,"_jetpack_memberships_contains_paid_content":false,"footnotes":""},"categories":[621],"tags":[],"class_list":["post-58376","post","type-post","status-publish","format-standard","has-post-thumbnail","hentry","category-regionales"],"aioseo_notices":[],"gutentor_comment":0,"jetpack_featured_media_url":"https:\/\/eldiariodesanpedro.com.ar\/sitio\/wp-content\/uploads\/2019\/08\/sin_titulo_295.jpg","jetpack_shortlink":"https:\/\/wp.me\/p6RhLt-fby","jetpack_sharing_enabled":true,"_links":{"self":[{"href":"https:\/\/eldiariodesanpedro.com.ar\/sitio\/wp-json\/wp\/v2\/posts\/58376","targetHints":{"allow":["GET"]}}],"collection":[{"href":"https:\/\/eldiariodesanpedro.com.ar\/sitio\/wp-json\/wp\/v2\/posts"}],"about":[{"href":"https:\/\/eldiariodesanpedro.com.ar\/sitio\/wp-json\/wp\/v2\/types\/post"}],"author":[{"embeddable":true,"href":"https:\/\/eldiariodesanpedro.com.ar\/sitio\/wp-json\/wp\/v2\/users\/4"}],"replies":[{"embeddable":true,"href":"https:\/\/eldiariodesanpedro.com.ar\/sitio\/wp-json\/wp\/v2\/comments?post=58376"}],"version-history":[{"count":1,"href":"https:\/\/eldiariodesanpedro.com.ar\/sitio\/wp-json\/wp\/v2\/posts\/58376\/revisions"}],"predecessor-version":[{"id":58378,"href":"https:\/\/eldiariodesanpedro.com.ar\/sitio\/wp-json\/wp\/v2\/posts\/58376\/revisions\/58378"}],"wp:featuredmedia":[{"embeddable":true,"href":"https:\/\/eldiariodesanpedro.com.ar\/sitio\/wp-json\/wp\/v2\/media\/58377"}],"wp:attachment":[{"href":"https:\/\/eldiariodesanpedro.com.ar\/sitio\/wp-json\/wp\/v2\/media?parent=58376"}],"wp:term":[{"taxonomy":"category","embeddable":true,"href":"https:\/\/eldiariodesanpedro.com.ar\/sitio\/wp-json\/wp\/v2\/categories?post=58376"},{"taxonomy":"post_tag","embeddable":true,"href":"https:\/\/eldiariodesanpedro.com.ar\/sitio\/wp-json\/wp\/v2\/tags?post=58376"}],"curies":[{"name":"wp","href":"https:\/\/api.w.org\/{rel}","templated":true}]}}