{"id":58370,"date":"2019-08-19T15:53:57","date_gmt":"2019-08-19T18:53:57","guid":{"rendered":"https:\/\/eldiariodesanpedro.com.ar\/sitio\/?p=58370"},"modified":"2019-08-19T15:54:01","modified_gmt":"2019-08-19T18:54:01","slug":"baradero-el-municipio-entrego-herramientas-tecnologicas-al-club-social-de-innovacion-y-escuelas-del-distrito","status":"publish","type":"post","link":"https:\/\/eldiariodesanpedro.com.ar\/sitio\/baradero-el-municipio-entrego-herramientas-tecnologicas-al-club-social-de-innovacion-y-escuelas-del-distrito\/","title":{"rendered":"BARADERO | El municipio entreg\u00f3 herramientas tecnol\u00f3gicas al Club Social de Innovaci\u00f3n y escuelas del distrito"},"content":{"rendered":"<!-- VideographyWP Plugin Message: Automatic video embedding prevented by plugin options. -->\n\n<p>\n\nEl municipio entreg\u00f3 herramientas tecnol\u00f3gicas al Club Social de Innovaci\u00f3n y escuelas del distrito<\/p>\n\n\n\n<p>El subsecretario de Tecnolog\u00eda e Innovaci\u00f3n, Fernando Lapolla, visit\u00f3 Baradero para entregar nuevas herramientas que ser\u00e1n utilizadas para el programa de actividades dispuesto en las pr\u00f3ximas vacaciones de invierno. Entre ellas, m\u00e1s filamentos para impresi\u00f3n 3D, kits de rob\u00f3tica, mecanos y nuevos sensores para el armado de proyectos de automatizaci\u00f3n.<\/p>\n\n\n\n<p>Los kits de rob\u00f3tica no llegaron \u00fanicamente al Club Social de Innovaci\u00f3n, espacio que se ubica debajo de las Tribunas de la Plaza Col\u00f3n, sino tambi\u00e9n al \u00e1mbito escolar, en donde varias instituciones, mediante sus directivos, recibieron las herramientas tecnol\u00f3gicas sumamente necesarias para el desarrollo de los j\u00f3venes y su futuro. Las escuelas que recibieron fueron: Centro Educativo \u201cEl Puente\u201d (CEC 801), Escuela Primaria N\u00b0 3, Instituto Superior de Formaci\u00f3n Docente N\u00b0 115 \u201cMarcos Sastre\u201d, Centro de Investigaciones Educativas (CIIE) y el Instituto Fray Luis de Bola\u00f1os.<\/p>\n\n\n\n<p>El municipio, mediante el Club Social de Innovaci\u00f3n y con el trabajo mancomunado de la provincia sigue ofreciendo actividades y apoyo al sector educativo tecnol\u00f3gico de la ciudad. La intendenta Fernanda Antonijevic celebr\u00f3 el aporte y afirm\u00f3 que&nbsp;\u201cdesde el CSI pensamos en hacer el Baradero que se viene, mejorando el sistema educativo, fortaleciendo el sistema cient\u00edfico tecnol\u00f3gico, vinculados a una estrategia de desarrollo sostenible que genere m\u00e1s puestos de trabajo de calidad con igualdad de oportunidades.\u201d<\/p>\n","protected":false},"excerpt":{"rendered":"<p>El municipio entreg\u00f3 herramientas tecnol\u00f3gicas al Club Social de Innovaci\u00f3n y escuelas del distrito El subsecretario de Tecnolog\u00eda e Innovaci\u00f3n, Fernando Lapolla, visit\u00f3 Baradero para entregar nuevas herramientas que ser\u00e1n utilizadas para el programa de actividades dispuesto en las pr\u00f3ximas vacaciones de invierno. Entre ellas, m\u00e1s filamentos para impresi\u00f3n 3D, kits de rob\u00f3tica, mecanos y [&hellip;]<\/p>\n","protected":false},"author":4,"featured_media":58371,"comment_status":"open","ping_status":"closed","sticky":false,"template":"","format":"standard","meta":{"om_disable_all_campaigns":false,"_jetpack_memberships_contains_paid_content":false,"footnotes":""},"categories":[621],"tags":[],"class_list":["post-58370","post","type-post","status-publish","format-standard","has-post-thumbnail","hentry","category-regionales"],"aioseo_notices":[],"gutentor_comment":0,"jetpack_featured_media_url":"https:\/\/eldiariodesanpedro.com.ar\/sitio\/wp-content\/uploads\/2019\/08\/thumbnail-3-1.jpg","jetpack_shortlink":"https:\/\/wp.me\/p6RhLt-fbs","jetpack_sharing_enabled":true,"_links":{"self":[{"href":"https:\/\/eldiariodesanpedro.com.ar\/sitio\/wp-json\/wp\/v2\/posts\/58370","targetHints":{"allow":["GET"]}}],"collection":[{"href":"https:\/\/eldiariodesanpedro.com.ar\/sitio\/wp-json\/wp\/v2\/posts"}],"about":[{"href":"https:\/\/eldiariodesanpedro.com.ar\/sitio\/wp-json\/wp\/v2\/types\/post"}],"author":[{"embeddable":true,"href":"https:\/\/eldiariodesanpedro.com.ar\/sitio\/wp-json\/wp\/v2\/users\/4"}],"replies":[{"embeddable":true,"href":"https:\/\/eldiariodesanpedro.com.ar\/sitio\/wp-json\/wp\/v2\/comments?post=58370"}],"version-history":[{"count":1,"href":"https:\/\/eldiariodesanpedro.com.ar\/sitio\/wp-json\/wp\/v2\/posts\/58370\/revisions"}],"predecessor-version":[{"id":58372,"href":"https:\/\/eldiariodesanpedro.com.ar\/sitio\/wp-json\/wp\/v2\/posts\/58370\/revisions\/58372"}],"wp:featuredmedia":[{"embeddable":true,"href":"https:\/\/eldiariodesanpedro.com.ar\/sitio\/wp-json\/wp\/v2\/media\/58371"}],"wp:attachment":[{"href":"https:\/\/eldiariodesanpedro.com.ar\/sitio\/wp-json\/wp\/v2\/media?parent=58370"}],"wp:term":[{"taxonomy":"category","embeddable":true,"href":"https:\/\/eldiariodesanpedro.com.ar\/sitio\/wp-json\/wp\/v2\/categories?post=58370"},{"taxonomy":"post_tag","embeddable":true,"href":"https:\/\/eldiariodesanpedro.com.ar\/sitio\/wp-json\/wp\/v2\/tags?post=58370"}],"curies":[{"name":"wp","href":"https:\/\/api.w.org\/{rel}","templated":true}]}}