{"id":58366,"date":"2019-08-19T15:49:44","date_gmt":"2019-08-19T18:49:44","guid":{"rendered":"https:\/\/eldiariodesanpedro.com.ar\/sitio\/?p=58366"},"modified":"2019-08-19T15:52:02","modified_gmt":"2019-08-19T18:52:02","slug":"baradero-un-auto-se-incrusto-contra-un-camion-compactador","status":"publish","type":"post","link":"https:\/\/eldiariodesanpedro.com.ar\/sitio\/baradero-un-auto-se-incrusto-contra-un-camion-compactador\/","title":{"rendered":"BARADERO | Un auto se incrust\u00f3 contra un cami\u00f3n compactador"},"content":{"rendered":"<!-- VideographyWP Plugin Message: Automatic video embedding prevented by plugin options. -->\n\n<p>\n\nEn la ma\u00f1ana del d\u00eda de ayer, 06:30 Hs., un cami\u00f3n compactador que circulaba por calle Mariano Moreno al 1100 fue colisionado por un autom\u00f3vil Gol que circulaba en la misma direcci\u00f3n.<\/p>\n\n\n\n<p>Los empleados municipales relataron que, mientras descargaban un volquete pl\u00e1stico, pudieron ver que el autom\u00f3vil circulaba de un lado a otro de la calle, zigzag, y al llegar a donde el cami\u00f3n estaba detenido se incrust\u00f3 debajo.<\/p>\n\n\n\n<p>Por suerte ni el conductor del veh\u00edculo, que fue trasladado por precauci\u00f3n al hospital,&nbsp; ni los empleado municipales sufrieron heridas.<\/p>\n\n\n\n<p>Como se ve en las fotos no quedaron en la calle ninguna marca de frenada por parte del autom\u00f3vil.<\/p>\n\n\n\n<p>El fuerte impacto se dio sobre uno de los estribos en los que van parados los empleados municipales, por lo que podemos sospechar que si el mismo se habr\u00eda producido con el cami\u00f3n en movimiento estar\u00edamos hablando de un hecho mas grave.<\/p>\n\n\n\n<p>Fuente Baradero te Informa<\/p>\n","protected":false},"excerpt":{"rendered":"<p>En la ma\u00f1ana del d\u00eda de ayer, 06:30 Hs., un cami\u00f3n compactador que circulaba por calle Mariano Moreno al 1100 fue colisionado por un autom\u00f3vil Gol que circulaba en la misma direcci\u00f3n. Los empleados municipales relataron que, mientras descargaban un volquete pl\u00e1stico, pudieron ver que el autom\u00f3vil circulaba de un lado a otro de la [&hellip;]<\/p>\n","protected":false},"author":4,"featured_media":58367,"comment_status":"open","ping_status":"closed","sticky":false,"template":"","format":"standard","meta":{"om_disable_all_campaigns":false,"_jetpack_memberships_contains_paid_content":false,"footnotes":""},"categories":[621],"tags":[],"class_list":["post-58366","post","type-post","status-publish","format-standard","has-post-thumbnail","hentry","category-regionales"],"aioseo_notices":[],"gutentor_comment":0,"jetpack_featured_media_url":"https:\/\/eldiariodesanpedro.com.ar\/sitio\/wp-content\/uploads\/2019\/08\/68937463_450994028819760_631670890446192640_n.jpg","jetpack_shortlink":"https:\/\/wp.me\/p6RhLt-fbo","jetpack_sharing_enabled":true,"_links":{"self":[{"href":"https:\/\/eldiariodesanpedro.com.ar\/sitio\/wp-json\/wp\/v2\/posts\/58366","targetHints":{"allow":["GET"]}}],"collection":[{"href":"https:\/\/eldiariodesanpedro.com.ar\/sitio\/wp-json\/wp\/v2\/posts"}],"about":[{"href":"https:\/\/eldiariodesanpedro.com.ar\/sitio\/wp-json\/wp\/v2\/types\/post"}],"author":[{"embeddable":true,"href":"https:\/\/eldiariodesanpedro.com.ar\/sitio\/wp-json\/wp\/v2\/users\/4"}],"replies":[{"embeddable":true,"href":"https:\/\/eldiariodesanpedro.com.ar\/sitio\/wp-json\/wp\/v2\/comments?post=58366"}],"version-history":[{"count":2,"href":"https:\/\/eldiariodesanpedro.com.ar\/sitio\/wp-json\/wp\/v2\/posts\/58366\/revisions"}],"predecessor-version":[{"id":58369,"href":"https:\/\/eldiariodesanpedro.com.ar\/sitio\/wp-json\/wp\/v2\/posts\/58366\/revisions\/58369"}],"wp:featuredmedia":[{"embeddable":true,"href":"https:\/\/eldiariodesanpedro.com.ar\/sitio\/wp-json\/wp\/v2\/media\/58367"}],"wp:attachment":[{"href":"https:\/\/eldiariodesanpedro.com.ar\/sitio\/wp-json\/wp\/v2\/media?parent=58366"}],"wp:term":[{"taxonomy":"category","embeddable":true,"href":"https:\/\/eldiariodesanpedro.com.ar\/sitio\/wp-json\/wp\/v2\/categories?post=58366"},{"taxonomy":"post_tag","embeddable":true,"href":"https:\/\/eldiariodesanpedro.com.ar\/sitio\/wp-json\/wp\/v2\/tags?post=58366"}],"curies":[{"name":"wp","href":"https:\/\/api.w.org\/{rel}","templated":true}]}}