{"id":58364,"date":"2019-08-17T12:28:06","date_gmt":"2019-08-17T15:28:06","guid":{"rendered":"https:\/\/eldiariodesanpedro.com.ar\/sitio\/?p=58364"},"modified":"2019-08-17T12:28:11","modified_gmt":"2019-08-17T15:28:11","slug":"aprehensiones-por-tenencia-de-estupefacientes-2","status":"publish","type":"post","link":"https:\/\/eldiariodesanpedro.com.ar\/sitio\/aprehensiones-por-tenencia-de-estupefacientes-2\/","title":{"rendered":"Aprehensiones por tenencia de estupefacientes"},"content":{"rendered":"<!-- VideographyWP Plugin Message: Automatic video embedding prevented by plugin options. -->\n\n<p>En el marco de  Operativo\u00a0Din\u00e1mico ds jovenes fueron aprehendidos por poseer baguyos de marihuana en su poder.<\/p>\n\n\n\n<p>Personal policial procedi\u00f3 a la identificaci\u00f3n de un adolescente de 16 a\u00f1os de edad, quien se encontraba en intersecci\u00f3n de las calles Benefactora Sampedrina y Lavalle, \u00a0secuestrosele cigarrilo de marihuana &#8211;<\/p>\n\n\n\n<p>Interviene UFI Juvenil\u00a0de san Nicol\u00e1s<\/p>\n\n\n\n<p>Tambi\u00e9n  en Mitre y Brown se aprehendi\u00f3 a un masculino de 23, secuestrosele cigarrillo marihuana y elemento para triturar sustancia.<\/p>\n\n\n\n<p>Interviene UFI N\u00b0 11. <\/p>\n\n\n\n<p>Ambos se les notificaron recaudos legales por \u00abinfracci\u00f3n a la  LEY 23.737-TENENCIA SECUESTRO\u00bb<\/p>\n\n\n\n<p><\/p>\n","protected":false},"excerpt":{"rendered":"<p>En el marco de Operativo\u00a0Din\u00e1mico ds jovenes fueron aprehendidos por poseer baguyos de marihuana en su poder. Personal policial procedi\u00f3 a la identificaci\u00f3n de un adolescente de 16 a\u00f1os de edad, quien se encontraba en intersecci\u00f3n de las calles Benefactora Sampedrina y Lavalle, \u00a0secuestrosele cigarrilo de marihuana &#8211; Interviene UFI Juvenil\u00a0de san Nicol\u00e1s Tambi\u00e9n en [&hellip;]<\/p>\n","protected":false},"author":4,"featured_media":56462,"comment_status":"open","ping_status":"closed","sticky":false,"template":"","format":"standard","meta":{"om_disable_all_campaigns":false,"_jetpack_memberships_contains_paid_content":false,"footnotes":""},"categories":[2,103],"tags":[],"class_list":["post-58364","post","type-post","status-publish","format-standard","has-post-thumbnail","hentry","category-locales","category-policiales-locales"],"aioseo_notices":[],"gutentor_comment":0,"jetpack_featured_media_url":"https:\/\/eldiariodesanpedro.com.ar\/sitio\/wp-content\/uploads\/2019\/07\/nuevos-patrulleros-policia-02_5.jpg","jetpack_shortlink":"https:\/\/wp.me\/p6RhLt-fbm","jetpack_sharing_enabled":true,"_links":{"self":[{"href":"https:\/\/eldiariodesanpedro.com.ar\/sitio\/wp-json\/wp\/v2\/posts\/58364","targetHints":{"allow":["GET"]}}],"collection":[{"href":"https:\/\/eldiariodesanpedro.com.ar\/sitio\/wp-json\/wp\/v2\/posts"}],"about":[{"href":"https:\/\/eldiariodesanpedro.com.ar\/sitio\/wp-json\/wp\/v2\/types\/post"}],"author":[{"embeddable":true,"href":"https:\/\/eldiariodesanpedro.com.ar\/sitio\/wp-json\/wp\/v2\/users\/4"}],"replies":[{"embeddable":true,"href":"https:\/\/eldiariodesanpedro.com.ar\/sitio\/wp-json\/wp\/v2\/comments?post=58364"}],"version-history":[{"count":1,"href":"https:\/\/eldiariodesanpedro.com.ar\/sitio\/wp-json\/wp\/v2\/posts\/58364\/revisions"}],"predecessor-version":[{"id":58365,"href":"https:\/\/eldiariodesanpedro.com.ar\/sitio\/wp-json\/wp\/v2\/posts\/58364\/revisions\/58365"}],"wp:featuredmedia":[{"embeddable":true,"href":"https:\/\/eldiariodesanpedro.com.ar\/sitio\/wp-json\/wp\/v2\/media\/56462"}],"wp:attachment":[{"href":"https:\/\/eldiariodesanpedro.com.ar\/sitio\/wp-json\/wp\/v2\/media?parent=58364"}],"wp:term":[{"taxonomy":"category","embeddable":true,"href":"https:\/\/eldiariodesanpedro.com.ar\/sitio\/wp-json\/wp\/v2\/categories?post=58364"},{"taxonomy":"post_tag","embeddable":true,"href":"https:\/\/eldiariodesanpedro.com.ar\/sitio\/wp-json\/wp\/v2\/tags?post=58364"}],"curies":[{"name":"wp","href":"https:\/\/api.w.org\/{rel}","templated":true}]}}