{"id":58359,"date":"2019-08-17T11:18:00","date_gmt":"2019-08-17T14:18:00","guid":{"rendered":"https:\/\/eldiariodesanpedro.com.ar\/sitio\/?p=58359"},"modified":"2019-08-17T11:18:04","modified_gmt":"2019-08-17T14:18:04","slug":"un-nino-de-13-anos-fue-aprehendido-tras-hecho-delictivo","status":"publish","type":"post","link":"https:\/\/eldiariodesanpedro.com.ar\/sitio\/un-nino-de-13-anos-fue-aprehendido-tras-hecho-delictivo\/","title":{"rendered":"Un ni\u00f1o de 13 a\u00f1os fue aprehendido tras hecho delictivo"},"content":{"rendered":"<!-- VideographyWP Plugin Message: Automatic video embedding prevented by plugin options. -->\n\n<p>Sucedi\u00f3 por la tarde de este viernes, el menor le arrebato una campera a otro ni\u00f1o y fue detenido pocas cuadras despu\u00e9s.<\/p>\n\n\n\n<p>Asi fue como personal policial es alertado y tras r\u00e1pido proceder logran la aprehensi\u00f3n en fuga,\u00a0de un ni\u00f1o de 13 a\u00f1os de edad.<\/p>\n\n\n\n<p>El peque\u00f1o delincuente se encontraba en fuga tras arrebatarle una campera a otro menor de 11 que estaba junto a otros amigos en la via publica.<\/p>\n\n\n\n<p>Tras emprende fuga fue alcanzado y reducido por los efectivos en intersecci\u00f3n de \u00a0Av 11 Septiembre\u00a0\u00a0e\/ Alvarado. En su poder se le secuestro una campera.<\/p>\n\n\n\n<p> Fue trasladado a la comisaria local y se puso a disposici\u00f3n de la UFI Juvenil\u00a0\u00a0N\u00b0 02, San Nicolas quien le hizo entrega a sus progenitores.<br><\/p>\n","protected":false},"excerpt":{"rendered":"<p>Sucedi\u00f3 por la tarde de este viernes, el menor le arrebato una campera a otro ni\u00f1o y fue detenido pocas cuadras despu\u00e9s. Asi fue como personal policial es alertado y tras r\u00e1pido proceder logran la aprehensi\u00f3n en fuga,\u00a0de un ni\u00f1o de 13 a\u00f1os de edad. El peque\u00f1o delincuente se encontraba en fuga tras arrebatarle una [&hellip;]<\/p>\n","protected":false},"author":4,"featured_media":58360,"comment_status":"open","ping_status":"closed","sticky":false,"template":"","format":"standard","meta":{"om_disable_all_campaigns":false,"_jetpack_memberships_contains_paid_content":false,"footnotes":""},"categories":[2,103],"tags":[],"class_list":["post-58359","post","type-post","status-publish","format-standard","has-post-thumbnail","hentry","category-locales","category-policiales-locales"],"aioseo_notices":[],"gutentor_comment":0,"jetpack_featured_media_url":"https:\/\/eldiariodesanpedro.com.ar\/sitio\/wp-content\/uploads\/2019\/08\/images-1.jpg","jetpack_shortlink":"https:\/\/wp.me\/p6RhLt-fbh","jetpack_sharing_enabled":true,"_links":{"self":[{"href":"https:\/\/eldiariodesanpedro.com.ar\/sitio\/wp-json\/wp\/v2\/posts\/58359","targetHints":{"allow":["GET"]}}],"collection":[{"href":"https:\/\/eldiariodesanpedro.com.ar\/sitio\/wp-json\/wp\/v2\/posts"}],"about":[{"href":"https:\/\/eldiariodesanpedro.com.ar\/sitio\/wp-json\/wp\/v2\/types\/post"}],"author":[{"embeddable":true,"href":"https:\/\/eldiariodesanpedro.com.ar\/sitio\/wp-json\/wp\/v2\/users\/4"}],"replies":[{"embeddable":true,"href":"https:\/\/eldiariodesanpedro.com.ar\/sitio\/wp-json\/wp\/v2\/comments?post=58359"}],"version-history":[{"count":1,"href":"https:\/\/eldiariodesanpedro.com.ar\/sitio\/wp-json\/wp\/v2\/posts\/58359\/revisions"}],"predecessor-version":[{"id":58361,"href":"https:\/\/eldiariodesanpedro.com.ar\/sitio\/wp-json\/wp\/v2\/posts\/58359\/revisions\/58361"}],"wp:featuredmedia":[{"embeddable":true,"href":"https:\/\/eldiariodesanpedro.com.ar\/sitio\/wp-json\/wp\/v2\/media\/58360"}],"wp:attachment":[{"href":"https:\/\/eldiariodesanpedro.com.ar\/sitio\/wp-json\/wp\/v2\/media?parent=58359"}],"wp:term":[{"taxonomy":"category","embeddable":true,"href":"https:\/\/eldiariodesanpedro.com.ar\/sitio\/wp-json\/wp\/v2\/categories?post=58359"},{"taxonomy":"post_tag","embeddable":true,"href":"https:\/\/eldiariodesanpedro.com.ar\/sitio\/wp-json\/wp\/v2\/tags?post=58359"}],"curies":[{"name":"wp","href":"https:\/\/api.w.org\/{rel}","templated":true}]}}