{"id":58353,"date":"2019-08-17T10:40:18","date_gmt":"2019-08-17T13:40:18","guid":{"rendered":"https:\/\/eldiariodesanpedro.com.ar\/sitio\/?p=58353"},"modified":"2019-08-17T10:40:22","modified_gmt":"2019-08-17T13:40:22","slug":"san-nicolas-detienen-al-capitan-caos-un-reconocido-vendedor-de-drogas","status":"publish","type":"post","link":"https:\/\/eldiariodesanpedro.com.ar\/sitio\/san-nicolas-detienen-al-capitan-caos-un-reconocido-vendedor-de-drogas\/","title":{"rendered":"San Nicol\u00e1s: Detienen al \u00abCapit\u00e1n Caos\u00bb un reconocido vendedor de drogas"},"content":{"rendered":"<!-- VideographyWP Plugin Message: Automatic video embedding prevented by plugin options. -->\n\n<p> En una investigaci\u00f3n penal, vinculada al delito de comercializaci\u00f3n de estupefacientes realizada por la Fiscal\u00eda N\u00b0 1, a cargo de la Agente Fiscal Dra. Mar\u00eda Ver\u00f3nica Marcantonio, se realiz\u00f3 en la noche del jueves 15 de agosto, un allanamiento y se efectu\u00f3 la aprehensi\u00f3n de Diego Ezequiel Aymar (alias Capit\u00e1n Caos) por el delito mencionado.<\/p>\n\n\n\n<p>\n\nLa diligencia judicial se ejecut\u00f3 de manera conjunta entre fuerzas policiales mixtas, integradas por miembros de la Brigada de Investigaciones de la Delegaci\u00f3n San Nicol\u00e1s de la Polic\u00eda Federal, a cargo del Comisario Rub\u00e9n Rojas, y efectivos de la Delegaci\u00f3n Departamental San Nicol\u00e1s de Investigaciones del Tr\u00e1fico de Drogas Il\u00edcitas, a cargo del comisario Gabriel Salda\u00f1a, y logr\u00e1ndose detener al investigado.<\/p>\n\n\n\n<p>Se comprob\u00f3 durante el transcurso de la investigaci\u00f3n que Aymar comercializaba estupefacientes: coca\u00edna y marihuana.<\/p>\n\n\n\n<p>Por tal motivo result\u00f3 aprehendido por orden de la Fiscal Mar\u00eda Ver\u00f3nica Marcantonio, Diego Ezequiel Aymar de 37 a\u00f1os, en su domicilio particular ubicado en calle Pellegrini N\u00b0 659.<\/p>\n\n\n\n<p>La investigaci\u00f3n:<\/p>\n\n\n\n<p>Comenz\u00f3 en el mes de mayo de 2019, cuando la Polic\u00eda Federal Delegaci\u00f3n San Nicol\u00e1s, obtuvo informaci\u00f3n proporcionada de manera an\u00f3nima por vecinos de la ciudad, que daban cuenta de la actividad il\u00edcita que desarrollaba Diego Ezequiel Aymar, qui\u00e9n prove\u00eda de drogas a una importante clientela que concurr\u00eda en diversos horarios a su domicilio particular y luego de unos escasos minutos retiraban las sustancias del domicilio.<\/p>\n\n\n\n<p>Asimismo, este sujeto efectuaba ventas al menudeo de coca\u00edna y marihuana de manera directa al consumidor, a personas que concurr\u00edan a distintos establecimientos nocturnos.<\/p>\n\n\n\n<p>Personal policial constat\u00f3 venta en distintos bares y cervecer\u00edas de esta ciudad. Esta actividad il\u00edcita que el \u00abCapit\u00e1n Caos\u00bb la realizaba con habitualidad y por un precio que variaba en base a la pureza de las dosis que comercializaba entre sus clientelas, nunca era inferior a los $500, la dosis de coca\u00edna.<\/p>\n\n\n\n<p>El allanamiento:<\/p>\n\n\n\n<p>En el curso de la investigaci\u00f3n, que consisti\u00f3 en tareas de campo, observaciones y tareas de vigilancia, por ambas fuerzas policiales, se logr\u00f3 establecer con precisi\u00f3n, un cuadro de actividades il\u00edcitas que demostraban y acreditaban las maniobras compatibles con la comercializaci\u00f3n de estupefacientes por parte de este sujeto y que tal circunstancia avalaban los dichos denunciados por las vecinos comprometidos en erradicar estos puntos de ventas de sus barrios.<\/p>\n\n\n\n<p>Como resultancia del allanamiento se logr\u00f3 secuestrar en poder del investigado tel\u00e9fonos celulares, dinero en efectivo por una suma superior a los $ 9.000, elementos para estirar y fraccionar estupefacientes, recortes de nyl\u00f3n, envoltorios conteniendo coca\u00edna marihuana, fraccionados y listos para la venta y parte sin fraccionar para su estiramiento, y dem\u00e1s elementos demostrativos de la actividad il\u00edcita desplegada por el imputado.<\/p>\n\n\n\n<p>En el d\u00eda de hoy viernes 16, en horas de la ma\u00f1ana el aprehendido ser\u00e1 indagado en sede la Fiscal\u00eda N\u00b0 1, en orden al delito imputado y asistido por un defensor oficial.-<\/p>\n\n\n\n<p>Cabe reiterar que estos procedimientos, que semana a semana, llevan a cabo el Ministerio P\u00fablico Fiscal San Nicol\u00e1s, junto a las fuerzas policiales provinciales y nacionales radicadas en nuestra ciudad, se enmarcan dentro del plan de acci\u00f3n contra la venta de estupefacientes y que los mismos, permiten desarticular sistem\u00e1ticamente nuevos puntos de ventas de drogas, desalentando mediante el despliegue y la operatividad judicial &#8211; policial , esta actividad il\u00edcita, que tiene como eje principal a trav\u00e9s de sus ingresos de dinero il\u00edcito, comercializar drogas afectando con ello la salud de nuestra poblaci\u00f3n en especial la de nuestros j\u00f3venes. <\/p>\n\n\n\n<p>FUENTE: Diario el Informante<\/p>\n\n\n\n<p><br><\/p>\n","protected":false},"excerpt":{"rendered":"<p>En una investigaci\u00f3n penal, vinculada al delito de comercializaci\u00f3n de estupefacientes realizada por la Fiscal\u00eda N\u00b0 1, a cargo de la Agente Fiscal Dra. Mar\u00eda Ver\u00f3nica Marcantonio, se realiz\u00f3 en la noche del jueves 15 de agosto, un allanamiento y se efectu\u00f3 la aprehensi\u00f3n de Diego Ezequiel Aymar (alias Capit\u00e1n Caos) por el delito mencionado. [&hellip;]<\/p>\n","protected":false},"author":4,"featured_media":58354,"comment_status":"open","ping_status":"closed","sticky":false,"template":"","format":"standard","meta":{"om_disable_all_campaigns":false,"_jetpack_memberships_contains_paid_content":false,"footnotes":""},"categories":[621],"tags":[],"class_list":["post-58353","post","type-post","status-publish","format-standard","has-post-thumbnail","hentry","category-regionales"],"aioseo_notices":[],"gutentor_comment":0,"jetpack_featured_media_url":"https:\/\/eldiariodesanpedro.com.ar\/sitio\/wp-content\/uploads\/2019\/08\/sin_titulo_292.jpg","jetpack_shortlink":"https:\/\/wp.me\/p6RhLt-fbb","jetpack_sharing_enabled":true,"_links":{"self":[{"href":"https:\/\/eldiariodesanpedro.com.ar\/sitio\/wp-json\/wp\/v2\/posts\/58353","targetHints":{"allow":["GET"]}}],"collection":[{"href":"https:\/\/eldiariodesanpedro.com.ar\/sitio\/wp-json\/wp\/v2\/posts"}],"about":[{"href":"https:\/\/eldiariodesanpedro.com.ar\/sitio\/wp-json\/wp\/v2\/types\/post"}],"author":[{"embeddable":true,"href":"https:\/\/eldiariodesanpedro.com.ar\/sitio\/wp-json\/wp\/v2\/users\/4"}],"replies":[{"embeddable":true,"href":"https:\/\/eldiariodesanpedro.com.ar\/sitio\/wp-json\/wp\/v2\/comments?post=58353"}],"version-history":[{"count":1,"href":"https:\/\/eldiariodesanpedro.com.ar\/sitio\/wp-json\/wp\/v2\/posts\/58353\/revisions"}],"predecessor-version":[{"id":58355,"href":"https:\/\/eldiariodesanpedro.com.ar\/sitio\/wp-json\/wp\/v2\/posts\/58353\/revisions\/58355"}],"wp:featuredmedia":[{"embeddable":true,"href":"https:\/\/eldiariodesanpedro.com.ar\/sitio\/wp-json\/wp\/v2\/media\/58354"}],"wp:attachment":[{"href":"https:\/\/eldiariodesanpedro.com.ar\/sitio\/wp-json\/wp\/v2\/media?parent=58353"}],"wp:term":[{"taxonomy":"category","embeddable":true,"href":"https:\/\/eldiariodesanpedro.com.ar\/sitio\/wp-json\/wp\/v2\/categories?post=58353"},{"taxonomy":"post_tag","embeddable":true,"href":"https:\/\/eldiariodesanpedro.com.ar\/sitio\/wp-json\/wp\/v2\/tags?post=58353"}],"curies":[{"name":"wp","href":"https:\/\/api.w.org\/{rel}","templated":true}]}}