{"id":58342,"date":"2019-08-17T10:02:12","date_gmt":"2019-08-17T13:02:12","guid":{"rendered":"https:\/\/eldiariodesanpedro.com.ar\/sitio\/?p=58342"},"modified":"2019-08-17T10:02:17","modified_gmt":"2019-08-17T13:02:17","slug":"salazar-el-hospital-estaba-en-ruinas-hoy-logramos-un-trabajo-que-emociona-mucho","status":"publish","type":"post","link":"https:\/\/eldiariodesanpedro.com.ar\/sitio\/salazar-el-hospital-estaba-en-ruinas-hoy-logramos-un-trabajo-que-emociona-mucho\/","title":{"rendered":"Salazar: \u00abEl hospital estaba en ruinas, hoy logramos un trabajo que emociona mucho\u00bb"},"content":{"rendered":"<!-- VideographyWP Plugin Message: Automatic video embedding prevented by plugin options. -->\n\n<p>Tras la inauguraci\u00f3n tan esperada de la sala de espera de pediatr\u00eda, el intendente Cecilio Salazar dialogo con este medio y brindo detalles de pr\u00f3ximos proyectos.<\/p>\n\n\n\n<p>Por la ma\u00f1ana de este viernes fue d\u00eda de celebraci\u00f3n con la presentaci\u00f3n oficial de las mejoras realizadas en la Sala de Espera la Guardia de Pediatr\u00eda del Hospital y un anticipo de la celebraci\u00f3n del D\u00eda del Ni\u00f1o.<\/p>\n\n\n\n<p>El intendente Cecilio Salazar estuvo presente con todo su equipo donde se lo vio muy emocionado y feliz.<\/p>\n\n\n\n<p>En una nota nos expres\u00f3, \u00abyo cuando realizo cosas para los chicos me emociono mucho, el hospital estaba en ruinas y hoy fue una sorpresa muy grande para mi, porque no me dejaron ver la obra antes, para mi la educaci\u00f3n y la salud es fundamental\u00bb<\/p>\n\n\n\n<p>\u00abSeguimos trabajando quiero que en la vieja terminal de colectivos vamos hacer un nuevo centro de salud, un vacunatorio central, hay que repararlo, dejarlo nuevo si Dios me lo permite y me da salud, lo vamos a lograr, ademas quiero hacer consultorios externos ac\u00e1 en el espacio frente del Hospital, ya me dijeron que se puede, estoy muy contento porque las obras se est\u00e1n cumpliendo\u00bb<\/p>\n\n\n\n<figure class=\"wp-block-image\"><img decoding=\"async\" width=\"960\" height=\"720\" data-attachment-id=\"58344\" data-permalink=\"https:\/\/eldiariodesanpedro.com.ar\/sitio\/salazar-el-hospital-estaba-en-ruinas-hoy-logramos-un-trabajo-que-emociona-mucho\/68408642_834866423573839_7901442602782687232_n\/\" data-orig-file=\"https:\/\/eldiariodesanpedro.com.ar\/sitio\/wp-content\/uploads\/2019\/08\/68408642_834866423573839_7901442602782687232_n.jpg\" data-orig-size=\"960,720\" data-comments-opened=\"1\" data-image-meta=\"{&quot;aperture&quot;:&quot;0&quot;,&quot;credit&quot;:&quot;&quot;,&quot;camera&quot;:&quot;&quot;,&quot;caption&quot;:&quot;&quot;,&quot;created_timestamp&quot;:&quot;0&quot;,&quot;copyright&quot;:&quot;&quot;,&quot;focal_length&quot;:&quot;0&quot;,&quot;iso&quot;:&quot;0&quot;,&quot;shutter_speed&quot;:&quot;0&quot;,&quot;title&quot;:&quot;&quot;,&quot;orientation&quot;:&quot;0&quot;}\" data-image-title=\"68408642_834866423573839_7901442602782687232_n\" data-image-description=\"\" data-image-caption=\"\" data-large-file=\"https:\/\/eldiariodesanpedro.com.ar\/sitio\/wp-content\/uploads\/2019\/08\/68408642_834866423573839_7901442602782687232_n.jpg\" data-src=\"https:\/\/eldiariodesanpedro.com.ar\/sitio\/wp-content\/uploads\/2019\/08\/68408642_834866423573839_7901442602782687232_n.jpg\" alt=\"\" class=\"wp-image-58344 lazyload\" data-srcset=\"https:\/\/eldiariodesanpedro.com.ar\/sitio\/wp-content\/uploads\/2019\/08\/68408642_834866423573839_7901442602782687232_n.jpg 960w, https:\/\/eldiariodesanpedro.com.ar\/sitio\/wp-content\/uploads\/2019\/08\/68408642_834866423573839_7901442602782687232_n-300x225.jpg 300w, https:\/\/eldiariodesanpedro.com.ar\/sitio\/wp-content\/uploads\/2019\/08\/68408642_834866423573839_7901442602782687232_n-768x576.jpg 768w\" data-sizes=\"(max-width: 960px) 100vw, 960px\" src=\"data:image\/svg+xml;base64,PHN2ZyB3aWR0aD0iMSIgaGVpZ2h0PSIxIiB4bWxucz0iaHR0cDovL3d3dy53My5vcmcvMjAwMC9zdmciPjwvc3ZnPg==\" style=\"--smush-placeholder-width: 960px; --smush-placeholder-aspect-ratio: 960\/720;\" \/><\/figure>\n\n\n\n<p>\u00abYa solucionamos todo el tema del gas, la guardia general esta nueva y ahora ya comenzamos a arreglar el cielo raso de la otra parte, y seguimos con las habitaciones, nos ha ayudado mucho Dios porque estamos refaccionando todo sobre una construcci\u00f3n que estaba muy abandonada\u00bb, culminaba.<\/p>\n\n\n\n<ul class=\"wp-block-gallery columns-3 is-cropped wp-block-gallery-1 is-layout-flex wp-block-gallery-is-layout-flex\"><li class=\"blocks-gallery-item\"><figure><img decoding=\"async\" width=\"2048\" height=\"1224\" data-attachment-id=\"58345\" data-permalink=\"https:\/\/eldiariodesanpedro.com.ar\/sitio\/salazar-el-hospital-estaba-en-ruinas-hoy-logramos-un-trabajo-que-emociona-mucho\/68385950_2406880806073247_7455170267795423232_o\/\" data-orig-file=\"https:\/\/eldiariodesanpedro.com.ar\/sitio\/wp-content\/uploads\/2019\/08\/68385950_2406880806073247_7455170267795423232_o.jpg\" data-orig-size=\"2048,1224\" data-comments-opened=\"1\" data-image-meta=\"{&quot;aperture&quot;:&quot;0&quot;,&quot;credit&quot;:&quot;&quot;,&quot;camera&quot;:&quot;&quot;,&quot;caption&quot;:&quot;&quot;,&quot;created_timestamp&quot;:&quot;0&quot;,&quot;copyright&quot;:&quot;&quot;,&quot;focal_length&quot;:&quot;0&quot;,&quot;iso&quot;:&quot;0&quot;,&quot;shutter_speed&quot;:&quot;0&quot;,&quot;title&quot;:&quot;&quot;,&quot;orientation&quot;:&quot;0&quot;}\" data-image-title=\"68385950_2406880806073247_7455170267795423232_o\" data-image-description=\"\" data-image-caption=\"\" data-large-file=\"https:\/\/eldiariodesanpedro.com.ar\/sitio\/wp-content\/uploads\/2019\/08\/68385950_2406880806073247_7455170267795423232_o-1024x612.jpg\" data-src=\"https:\/\/i2.wp.com\/eldiariodesanpedro.com.ar\/sitio\/wp-content\/uploads\/2019\/08\/68385950_2406880806073247_7455170267795423232_o.jpg?fit=660%2C394\" alt=\"\" data-id=\"58345\" data-link=\"https:\/\/eldiariodesanpedro.com.ar\/sitio\/?attachment_id=58345\" class=\"wp-image-58345 lazyload\" data-srcset=\"https:\/\/eldiariodesanpedro.com.ar\/sitio\/wp-content\/uploads\/2019\/08\/68385950_2406880806073247_7455170267795423232_o.jpg 2048w, https:\/\/eldiariodesanpedro.com.ar\/sitio\/wp-content\/uploads\/2019\/08\/68385950_2406880806073247_7455170267795423232_o-300x179.jpg 300w, https:\/\/eldiariodesanpedro.com.ar\/sitio\/wp-content\/uploads\/2019\/08\/68385950_2406880806073247_7455170267795423232_o-768x459.jpg 768w, https:\/\/eldiariodesanpedro.com.ar\/sitio\/wp-content\/uploads\/2019\/08\/68385950_2406880806073247_7455170267795423232_o-1024x612.jpg 1024w\" data-sizes=\"(max-width: 2048px) 100vw, 2048px\" src=\"data:image\/svg+xml;base64,PHN2ZyB3aWR0aD0iMSIgaGVpZ2h0PSIxIiB4bWxucz0iaHR0cDovL3d3dy53My5vcmcvMjAwMC9zdmciPjwvc3ZnPg==\" style=\"--smush-placeholder-width: 2048px; --smush-placeholder-aspect-ratio: 2048\/1224;\" \/><\/figure><\/li><li class=\"blocks-gallery-item\"><figure><img decoding=\"async\" width=\"960\" height=\"690\" data-attachment-id=\"58346\" data-permalink=\"https:\/\/eldiariodesanpedro.com.ar\/sitio\/salazar-el-hospital-estaba-en-ruinas-hoy-logramos-un-trabajo-que-emociona-mucho\/68454773_2406880382739956_1947404915798179840_n\/\" data-orig-file=\"https:\/\/eldiariodesanpedro.com.ar\/sitio\/wp-content\/uploads\/2019\/08\/68454773_2406880382739956_1947404915798179840_n.jpg\" data-orig-size=\"960,690\" data-comments-opened=\"1\" data-image-meta=\"{&quot;aperture&quot;:&quot;0&quot;,&quot;credit&quot;:&quot;&quot;,&quot;camera&quot;:&quot;&quot;,&quot;caption&quot;:&quot;&quot;,&quot;created_timestamp&quot;:&quot;0&quot;,&quot;copyright&quot;:&quot;&quot;,&quot;focal_length&quot;:&quot;0&quot;,&quot;iso&quot;:&quot;0&quot;,&quot;shutter_speed&quot;:&quot;0&quot;,&quot;title&quot;:&quot;&quot;,&quot;orientation&quot;:&quot;0&quot;}\" data-image-title=\"68454773_2406880382739956_1947404915798179840_n\" data-image-description=\"\" data-image-caption=\"\" data-large-file=\"https:\/\/eldiariodesanpedro.com.ar\/sitio\/wp-content\/uploads\/2019\/08\/68454773_2406880382739956_1947404915798179840_n.jpg\" data-src=\"https:\/\/eldiariodesanpedro.com.ar\/sitio\/wp-content\/uploads\/2019\/08\/68454773_2406880382739956_1947404915798179840_n.jpg\" alt=\"\" data-id=\"58346\" data-link=\"https:\/\/eldiariodesanpedro.com.ar\/sitio\/?attachment_id=58346\" class=\"wp-image-58346 lazyload\" data-srcset=\"https:\/\/eldiariodesanpedro.com.ar\/sitio\/wp-content\/uploads\/2019\/08\/68454773_2406880382739956_1947404915798179840_n.jpg 960w, https:\/\/eldiariodesanpedro.com.ar\/sitio\/wp-content\/uploads\/2019\/08\/68454773_2406880382739956_1947404915798179840_n-300x216.jpg 300w, https:\/\/eldiariodesanpedro.com.ar\/sitio\/wp-content\/uploads\/2019\/08\/68454773_2406880382739956_1947404915798179840_n-768x552.jpg 768w\" data-sizes=\"(max-width: 960px) 100vw, 960px\" src=\"data:image\/svg+xml;base64,PHN2ZyB3aWR0aD0iMSIgaGVpZ2h0PSIxIiB4bWxucz0iaHR0cDovL3d3dy53My5vcmcvMjAwMC9zdmciPjwvc3ZnPg==\" style=\"--smush-placeholder-width: 960px; --smush-placeholder-aspect-ratio: 960\/690;\" \/><\/figure><\/li><li class=\"blocks-gallery-item\"><figure><img decoding=\"async\" width=\"960\" height=\"695\" data-attachment-id=\"58347\" data-permalink=\"https:\/\/eldiariodesanpedro.com.ar\/sitio\/salazar-el-hospital-estaba-en-ruinas-hoy-logramos-un-trabajo-que-emociona-mucho\/68700767_2406878186073509_5597914099905200128_n\/\" data-orig-file=\"https:\/\/eldiariodesanpedro.com.ar\/sitio\/wp-content\/uploads\/2019\/08\/68700767_2406878186073509_5597914099905200128_n.jpg\" data-orig-size=\"960,695\" data-comments-opened=\"1\" data-image-meta=\"{&quot;aperture&quot;:&quot;0&quot;,&quot;credit&quot;:&quot;&quot;,&quot;camera&quot;:&quot;&quot;,&quot;caption&quot;:&quot;&quot;,&quot;created_timestamp&quot;:&quot;0&quot;,&quot;copyright&quot;:&quot;&quot;,&quot;focal_length&quot;:&quot;0&quot;,&quot;iso&quot;:&quot;0&quot;,&quot;shutter_speed&quot;:&quot;0&quot;,&quot;title&quot;:&quot;&quot;,&quot;orientation&quot;:&quot;0&quot;}\" data-image-title=\"68700767_2406878186073509_5597914099905200128_n\" data-image-description=\"\" data-image-caption=\"\" data-large-file=\"https:\/\/eldiariodesanpedro.com.ar\/sitio\/wp-content\/uploads\/2019\/08\/68700767_2406878186073509_5597914099905200128_n.jpg\" data-src=\"https:\/\/eldiariodesanpedro.com.ar\/sitio\/wp-content\/uploads\/2019\/08\/68700767_2406878186073509_5597914099905200128_n.jpg\" alt=\"\" data-id=\"58347\" data-link=\"https:\/\/eldiariodesanpedro.com.ar\/sitio\/?attachment_id=58347\" class=\"wp-image-58347 lazyload\" data-srcset=\"https:\/\/eldiariodesanpedro.com.ar\/sitio\/wp-content\/uploads\/2019\/08\/68700767_2406878186073509_5597914099905200128_n.jpg 960w, https:\/\/eldiariodesanpedro.com.ar\/sitio\/wp-content\/uploads\/2019\/08\/68700767_2406878186073509_5597914099905200128_n-300x217.jpg 300w, https:\/\/eldiariodesanpedro.com.ar\/sitio\/wp-content\/uploads\/2019\/08\/68700767_2406878186073509_5597914099905200128_n-768x556.jpg 768w\" data-sizes=\"(max-width: 960px) 100vw, 960px\" src=\"data:image\/svg+xml;base64,PHN2ZyB3aWR0aD0iMSIgaGVpZ2h0PSIxIiB4bWxucz0iaHR0cDovL3d3dy53My5vcmcvMjAwMC9zdmciPjwvc3ZnPg==\" style=\"--smush-placeholder-width: 960px; --smush-placeholder-aspect-ratio: 960\/695;\" \/><\/figure><\/li><li class=\"blocks-gallery-item\"><figure><img decoding=\"async\" width=\"960\" height=\"640\" data-attachment-id=\"58348\" data-permalink=\"https:\/\/eldiariodesanpedro.com.ar\/sitio\/salazar-el-hospital-estaba-en-ruinas-hoy-logramos-un-trabajo-que-emociona-mucho\/69019122_2406881512739843_826623656489648128_n\/\" data-orig-file=\"https:\/\/eldiariodesanpedro.com.ar\/sitio\/wp-content\/uploads\/2019\/08\/69019122_2406881512739843_826623656489648128_n.jpg\" data-orig-size=\"960,640\" data-comments-opened=\"1\" data-image-meta=\"{&quot;aperture&quot;:&quot;0&quot;,&quot;credit&quot;:&quot;&quot;,&quot;camera&quot;:&quot;&quot;,&quot;caption&quot;:&quot;&quot;,&quot;created_timestamp&quot;:&quot;0&quot;,&quot;copyright&quot;:&quot;&quot;,&quot;focal_length&quot;:&quot;0&quot;,&quot;iso&quot;:&quot;0&quot;,&quot;shutter_speed&quot;:&quot;0&quot;,&quot;title&quot;:&quot;&quot;,&quot;orientation&quot;:&quot;0&quot;}\" data-image-title=\"69019122_2406881512739843_826623656489648128_n\" data-image-description=\"\" data-image-caption=\"\" data-large-file=\"https:\/\/eldiariodesanpedro.com.ar\/sitio\/wp-content\/uploads\/2019\/08\/69019122_2406881512739843_826623656489648128_n.jpg\" data-src=\"https:\/\/eldiariodesanpedro.com.ar\/sitio\/wp-content\/uploads\/2019\/08\/69019122_2406881512739843_826623656489648128_n.jpg\" alt=\"\" data-id=\"58348\" data-link=\"https:\/\/eldiariodesanpedro.com.ar\/sitio\/?attachment_id=58348\" class=\"wp-image-58348 lazyload\" data-srcset=\"https:\/\/eldiariodesanpedro.com.ar\/sitio\/wp-content\/uploads\/2019\/08\/69019122_2406881512739843_826623656489648128_n.jpg 960w, https:\/\/eldiariodesanpedro.com.ar\/sitio\/wp-content\/uploads\/2019\/08\/69019122_2406881512739843_826623656489648128_n-300x200.jpg 300w, https:\/\/eldiariodesanpedro.com.ar\/sitio\/wp-content\/uploads\/2019\/08\/69019122_2406881512739843_826623656489648128_n-768x512.jpg 768w\" data-sizes=\"(max-width: 960px) 100vw, 960px\" src=\"data:image\/svg+xml;base64,PHN2ZyB3aWR0aD0iMSIgaGVpZ2h0PSIxIiB4bWxucz0iaHR0cDovL3d3dy53My5vcmcvMjAwMC9zdmciPjwvc3ZnPg==\" style=\"--smush-placeholder-width: 960px; --smush-placeholder-aspect-ratio: 960\/640;\" \/><\/figure><\/li><\/ul>\n","protected":false},"excerpt":{"rendered":"<p>Tras la inauguraci\u00f3n tan esperada de la sala de espera de pediatr\u00eda, el intendente Cecilio Salazar dialogo con este medio y brindo detalles de pr\u00f3ximos proyectos. Por la ma\u00f1ana de este viernes fue d\u00eda de celebraci\u00f3n con la presentaci\u00f3n oficial de las mejoras realizadas en la Sala de Espera la Guardia de Pediatr\u00eda del Hospital [&hellip;]<\/p>\n","protected":false},"author":4,"featured_media":58343,"comment_status":"open","ping_status":"closed","sticky":false,"template":"","format":"standard","meta":{"om_disable_all_campaigns":false,"_jetpack_memberships_contains_paid_content":false,"footnotes":""},"categories":[50,101,2],"tags":[],"class_list":["post-58342","post","type-post","status-publish","format-standard","has-post-thumbnail","hentry","category-destacadas","category-interes-general-locales","category-locales"],"aioseo_notices":[],"gutentor_comment":0,"jetpack_featured_media_url":"https:\/\/eldiariodesanpedro.com.ar\/sitio\/wp-content\/uploads\/2019\/08\/69247136_834866483573833_3503653304385142784_n.jpg","jetpack_shortlink":"https:\/\/wp.me\/p6RhLt-fb0","jetpack_sharing_enabled":true,"_links":{"self":[{"href":"https:\/\/eldiariodesanpedro.com.ar\/sitio\/wp-json\/wp\/v2\/posts\/58342","targetHints":{"allow":["GET"]}}],"collection":[{"href":"https:\/\/eldiariodesanpedro.com.ar\/sitio\/wp-json\/wp\/v2\/posts"}],"about":[{"href":"https:\/\/eldiariodesanpedro.com.ar\/sitio\/wp-json\/wp\/v2\/types\/post"}],"author":[{"embeddable":true,"href":"https:\/\/eldiariodesanpedro.com.ar\/sitio\/wp-json\/wp\/v2\/users\/4"}],"replies":[{"embeddable":true,"href":"https:\/\/eldiariodesanpedro.com.ar\/sitio\/wp-json\/wp\/v2\/comments?post=58342"}],"version-history":[{"count":1,"href":"https:\/\/eldiariodesanpedro.com.ar\/sitio\/wp-json\/wp\/v2\/posts\/58342\/revisions"}],"predecessor-version":[{"id":58349,"href":"https:\/\/eldiariodesanpedro.com.ar\/sitio\/wp-json\/wp\/v2\/posts\/58342\/revisions\/58349"}],"wp:featuredmedia":[{"embeddable":true,"href":"https:\/\/eldiariodesanpedro.com.ar\/sitio\/wp-json\/wp\/v2\/media\/58343"}],"wp:attachment":[{"href":"https:\/\/eldiariodesanpedro.com.ar\/sitio\/wp-json\/wp\/v2\/media?parent=58342"}],"wp:term":[{"taxonomy":"category","embeddable":true,"href":"https:\/\/eldiariodesanpedro.com.ar\/sitio\/wp-json\/wp\/v2\/categories?post=58342"},{"taxonomy":"post_tag","embeddable":true,"href":"https:\/\/eldiariodesanpedro.com.ar\/sitio\/wp-json\/wp\/v2\/tags?post=58342"}],"curies":[{"name":"wp","href":"https:\/\/api.w.org\/{rel}","templated":true}]}}