{"id":58330,"date":"2019-08-17T09:28:59","date_gmt":"2019-08-17T12:28:59","guid":{"rendered":"https:\/\/eldiariodesanpedro.com.ar\/sitio\/?p=58330"},"modified":"2019-08-17T09:29:03","modified_gmt":"2019-08-17T12:29:03","slug":"narco-desbaratan-una-banda-la-abeja-reina-del-narco-menudeo","status":"publish","type":"post","link":"https:\/\/eldiariodesanpedro.com.ar\/sitio\/narco-desbaratan-una-banda-la-abeja-reina-del-narco-menudeo\/","title":{"rendered":"Narco: Desbaratan una banda \u00abLa abeja Reina del Narco Menudeo\u00bb"},"content":{"rendered":"<!-- VideographyWP Plugin Message: Automatic video embedding prevented by plugin options. -->\n\n<p>El hecho sucedi\u00f3 durante el d\u00eda viernes con personal a cargo de la Departamental de Investigaciones del Trafico de Drogas Il\u00edcitas Y crimen Organizado San Nicol\u00e1s en conjunto con diferentes fuerzas a cargo de la Fiscalia N\u00ba11,  donde irrumpieron en diferentes  Barrios de  la Ciudad, como as\u00ed tambi\u00e9n se realizo en forma simult\u00e1nea el despliegue  de personal a la Localidad de Mor\u00f3n y Villa Tesey . Se obtuvo seis \u00d3rdenes de Allanamiento y  Ocho  \u00d3rdenes de  Detenciones para con los integrantes de la Banda delictiva. Se secuestro gran cantidad de dinero en efectivo, celulares, armas de fuego, comprobantes bancarios y gran cantidad de lotes compactos de marihuana y trozos de coca\u00edna.<\/p>\n\n\n\n<p>La investigaci\u00f3n se inici\u00f3 en el mes de enero del corriente a\u00f1o, a ra\u00edz de una denuncia radicada en sede de la Unidad Funcional de Instrucci\u00f3n y Juicio N\u00ba 11, del Departamento Judicial San Nicol\u00e1s, Descentralizada San Pedro a cargo de la Sra. Agente Fiscal Dra. Viviana Ramos, en la que una femenina  Oriunda de la Localidad de Villa Tesey Provincia de Buenos Aires abastec\u00eda de la Sustancia Prohibida a diferentes  integrantes de la familia  en especial  a Femeninas que residir\u00edan en la localidad de San Pedro obteniendo de esta manera diversos puntos de venta de Material Estupefaciente.<\/p>\n\n\n\n<p>Por Tal Motivo  personal de la Departamental de Investigaciones del Trafico de Drogas Il\u00edcitas Y crimen Organizado San Nicol\u00e1s, Dependientes de la  Superintendencia de Drogas Il\u00edcitas Y Crimen Organizado del Ministerio de Seguridad de la Provincia de Buenos Aires  despleg\u00f3 Personal Id\u00f3neo en la Materia para establecer el delito denunciado, pudiendo establecer que la proveedora de dicha sustancia habr\u00eda sido una ciudadana quien  en momentos residi\u00f3 en  vuestra localidad, como as\u00ed tambi\u00e9n se estableci\u00f3 mediante m\u00e1s de 1632 horas de escuchas telef\u00f3nicas que  se tratar\u00eda  de BENENCIO MARIA ROSA  Alias \u201cLa Reina\u201d,  quien abastec\u00eda desde la Localidad de Mor\u00f3n y Villa Tesey  a  Familiares allegados.<\/p>\n\n\n\n<p>Estos familiares serian  quienes fraccionaban, ocultaban y redistribu\u00edan, al resto de los integrantes de la Banda Criminal que operaba  en cercan\u00edas a lugares p\u00fablicos y de esta manera comercializaban la sustancia bajo la modalidad de Deliberi, contando  adem\u00e1s con puntos de ventas  en sus domicilios particulares,  Hechos  Bunker en diferentes Barrios de la Localidad San Pedrina,  donde la Fluidez de Movimiento de personas eran continuos y  durante todo el d\u00eda . <\/p>\n\n\n\n<p>Contando con presencia de Soldaditos en los diferentes lugares, los cuales guiaban a los potables compradores de la sustancia y  realizaban la alerta temprana de persona ajena a dicho lugar. <\/p>\n\n\n\n<p>Luego una vez comercializado el material Estupefaciente, parte del dinero recaudado se depositaria por movimientos Bancarios  a la Cuenta de la Sindicada BENENCIO Alias la Reina,  y de esta manera obtener nuevamente las Diferentes Sustancias  en la Localidad.<\/p>\n\n\n\n<p>Por tal Motivo  la Sra. Agente Fiscal Viviana Ramos  solicito a S.S Dr. Rom\u00e1n Parodi a cargo del Juzgado de Garant\u00eda N\u00ba 1, Seis \u00d3rdenes de Allanamiento y  Ocho  \u00d3rdenes de  Detenciones para con los integrantes de la Banda delictiva.<\/p>\n\n\n\n<p>La diligencia se produjo este viernes finalmente y se  dio cumplimiento a lo ordenado  donde Personal de  Instructores judiciales dependiente de San Pedro y Baradero del Departamento Judicial San Nicol\u00e1s juntamente con Personal Policial de Drogas Il\u00edcitas y Crimen Organizado San Nicol\u00e1s y el Apoyo de la Brigada de Investigaciones de la Polic\u00eda Federal Argentina , personal de  Comisaria de San Pedro y  la Colaboraci\u00f3n  Log\u00edstica de la Secretaria de Seguridad de la Municipalidad de San Pedro,  Irrumpieron en diferentes  Barrios de  la Ciudad, como as\u00ed tambi\u00e9n se realizo en forma simult\u00e1nea el despliegue  de personal a la Localidad de Mor\u00f3n y Villa Tesey, concretando  en San Pedro.<\/p>\n\n\n\n<p><strong>Detenciones y secuestro:<\/strong><\/p>\n\n\n\n<p>Se produjo la detenci\u00f3n  en una vivienda ubicada en  Barrio Fonavi Monoblock N\u00ba 2,  de la Ciudadana YAMILA OLIVEROS, (40) Secuestr\u00e1ndose en su poder  Marihuana fraccionada para la venta, recortes, tel\u00e9fonos celulares y gran cantidad de dinero en efectivo por la suma de $36.000,<\/p>\n\n\n\n<p>En el domicilio de calle Larralde  al 900 se procedi\u00f3 al Secuestro de balanza, comprobantes de dep\u00f3sitos Bancarios a nombre de Benencio Maria Rosa y la suma de dinero en efectivo por un total de $42.000. <\/p>\n\n\n\n<p>En el domicilio de calle Miguel Porta al 2500  se procedi\u00f3 a  realizar la detenci\u00f3n de WALTER NOHUET (32) quien pose\u00eda el beneficio del Arresto Domiciliario y su pareja YAMILA JORRATT (26), Secuestr\u00e1ndose  armas de fuego de tipo revolver y  armas de fabricaci\u00f3n casera (Tumbera), con su cartucher\u00eda, tel\u00e9fonos celulares  y recortes.<\/p>\n\n\n\n<p>En Calle Balcarce  al 1500 se procedi\u00f3 a detener a KAREN NOHUET (26),  Secuestrando del domicilio Marihuana fraccionada para la venta, tel\u00e9fonos celulares , recortes y  Dinero en efectivo.<\/p>\n\n\n\n<p>En la localidad de Villa Tesey  en el domicilio de calle Juan Jufre al 350  se secuestro  Marihuana Fraccionada y Balanza de Precisi\u00f3n, <\/p>\n\n\n\n<p>En el domicilio de calle Tomas Guido al  N\u00ba 850  de la Localidad de Mor\u00f3n, se procedi\u00f3 a detener a  AGOSTINA NOHUET (26) , BENENCIO MARIA ROSA  alias \u201cLA REINA\u201d(54) y NATALIA MORAN (32). Oriunda de la Localidad de San Pedro y encargada de Trasladar la Sustancia Prohibida desde Mor\u00f3n  hacia San Pedro, secuestrando lotes compactos de Marihuana los cuales equivalen a 1.403 dosis, Trozos de Coca\u00edna, equivalentes a 7.800 dosis umbral, Troqueles de LCD, telefon\u00eda celular, anotaciones, aceite de canavis, dinero en efectivo,  balanza de precisi\u00f3n y Recortes.<\/p>\n\n\n\n<p>Quedando a la espera los Detenidos en sede Policial para ser Indagados por la Sra. Agente Fiscal Dra. Viviana Ramos.<\/p>\n\n\n\n<p><strong>Imagenes secuestro:<\/strong><\/p>\n\n\n\n<ul class=\"wp-block-gallery columns-1 is-cropped wp-block-gallery-1 is-layout-flex wp-block-gallery-is-layout-flex\"><li class=\"blocks-gallery-item\"><figure><img decoding=\"async\" width=\"720\" height=\"676\" data-attachment-id=\"58332\" data-permalink=\"https:\/\/eldiariodesanpedro.com.ar\/sitio\/narco-desbaratan-una-banda-la-abeja-reina-del-narco-menudeo\/whatsapp-image-2019-08-17-at-1-17-50-am\/\" data-orig-file=\"https:\/\/eldiariodesanpedro.com.ar\/sitio\/wp-content\/uploads\/2019\/08\/WhatsApp-Image-2019-08-17-at-1.17.50-AM.jpeg\" data-orig-size=\"720,676\" data-comments-opened=\"1\" data-image-meta=\"{&quot;aperture&quot;:&quot;0&quot;,&quot;credit&quot;:&quot;&quot;,&quot;camera&quot;:&quot;&quot;,&quot;caption&quot;:&quot;&quot;,&quot;created_timestamp&quot;:&quot;0&quot;,&quot;copyright&quot;:&quot;&quot;,&quot;focal_length&quot;:&quot;0&quot;,&quot;iso&quot;:&quot;0&quot;,&quot;shutter_speed&quot;:&quot;0&quot;,&quot;title&quot;:&quot;&quot;,&quot;orientation&quot;:&quot;0&quot;}\" data-image-title=\"WhatsApp Image 2019-08-17 at 1.17.50 AM\" data-image-description=\"\" data-image-caption=\"\" data-large-file=\"https:\/\/eldiariodesanpedro.com.ar\/sitio\/wp-content\/uploads\/2019\/08\/WhatsApp-Image-2019-08-17-at-1.17.50-AM.jpeg\" data-src=\"https:\/\/eldiariodesanpedro.com.ar\/sitio\/wp-content\/uploads\/2019\/08\/WhatsApp-Image-2019-08-17-at-1.17.50-AM.jpeg\" alt=\"\" data-id=\"58332\" data-link=\"https:\/\/eldiariodesanpedro.com.ar\/sitio\/?attachment_id=58332\" class=\"wp-image-58332 lazyload\" data-srcset=\"https:\/\/eldiariodesanpedro.com.ar\/sitio\/wp-content\/uploads\/2019\/08\/WhatsApp-Image-2019-08-17-at-1.17.50-AM.jpeg 720w, https:\/\/eldiariodesanpedro.com.ar\/sitio\/wp-content\/uploads\/2019\/08\/WhatsApp-Image-2019-08-17-at-1.17.50-AM-300x282.jpeg 300w\" data-sizes=\"(max-width: 720px) 100vw, 720px\" src=\"data:image\/svg+xml;base64,PHN2ZyB3aWR0aD0iMSIgaGVpZ2h0PSIxIiB4bWxucz0iaHR0cDovL3d3dy53My5vcmcvMjAwMC9zdmciPjwvc3ZnPg==\" style=\"--smush-placeholder-width: 720px; --smush-placeholder-aspect-ratio: 720\/676;\" \/><\/figure><\/li><li class=\"blocks-gallery-item\"><figure><img decoding=\"async\" width=\"780\" height=\"1040\" data-attachment-id=\"58333\" data-permalink=\"https:\/\/eldiariodesanpedro.com.ar\/sitio\/narco-desbaratan-una-banda-la-abeja-reina-del-narco-menudeo\/whatsapp-image-2019-08-17-at-1-17-51-am-1\/\" data-orig-file=\"https:\/\/eldiariodesanpedro.com.ar\/sitio\/wp-content\/uploads\/2019\/08\/WhatsApp-Image-2019-08-17-at-1.17.51-AM-1.jpeg\" data-orig-size=\"780,1040\" data-comments-opened=\"1\" data-image-meta=\"{&quot;aperture&quot;:&quot;0&quot;,&quot;credit&quot;:&quot;&quot;,&quot;camera&quot;:&quot;&quot;,&quot;caption&quot;:&quot;&quot;,&quot;created_timestamp&quot;:&quot;0&quot;,&quot;copyright&quot;:&quot;&quot;,&quot;focal_length&quot;:&quot;0&quot;,&quot;iso&quot;:&quot;0&quot;,&quot;shutter_speed&quot;:&quot;0&quot;,&quot;title&quot;:&quot;&quot;,&quot;orientation&quot;:&quot;0&quot;}\" data-image-title=\"WhatsApp Image 2019-08-17 at 1.17.51 AM (1)\" data-image-description=\"\" data-image-caption=\"\" data-large-file=\"https:\/\/eldiariodesanpedro.com.ar\/sitio\/wp-content\/uploads\/2019\/08\/WhatsApp-Image-2019-08-17-at-1.17.51-AM-1-768x1024.jpeg\" data-src=\"https:\/\/i2.wp.com\/eldiariodesanpedro.com.ar\/sitio\/wp-content\/uploads\/2019\/08\/WhatsApp-Image-2019-08-17-at-1.17.51-AM-1.jpeg?fit=660%2C880\" alt=\"\" data-id=\"58333\" data-link=\"https:\/\/eldiariodesanpedro.com.ar\/sitio\/?attachment_id=58333\" class=\"wp-image-58333 lazyload\" data-srcset=\"https:\/\/eldiariodesanpedro.com.ar\/sitio\/wp-content\/uploads\/2019\/08\/WhatsApp-Image-2019-08-17-at-1.17.51-AM-1.jpeg 780w, https:\/\/eldiariodesanpedro.com.ar\/sitio\/wp-content\/uploads\/2019\/08\/WhatsApp-Image-2019-08-17-at-1.17.51-AM-1-225x300.jpeg 225w, https:\/\/eldiariodesanpedro.com.ar\/sitio\/wp-content\/uploads\/2019\/08\/WhatsApp-Image-2019-08-17-at-1.17.51-AM-1-768x1024.jpeg 768w\" data-sizes=\"(max-width: 780px) 100vw, 780px\" src=\"data:image\/svg+xml;base64,PHN2ZyB3aWR0aD0iMSIgaGVpZ2h0PSIxIiB4bWxucz0iaHR0cDovL3d3dy53My5vcmcvMjAwMC9zdmciPjwvc3ZnPg==\" style=\"--smush-placeholder-width: 780px; --smush-placeholder-aspect-ratio: 780\/1040;\" \/><\/figure><\/li><li class=\"blocks-gallery-item\"><figure><img decoding=\"async\" width=\"1040\" height=\"780\" data-attachment-id=\"58334\" data-permalink=\"https:\/\/eldiariodesanpedro.com.ar\/sitio\/narco-desbaratan-una-banda-la-abeja-reina-del-narco-menudeo\/whatsapp-image-2019-08-17-at-1-17-51-am\/\" data-orig-file=\"https:\/\/eldiariodesanpedro.com.ar\/sitio\/wp-content\/uploads\/2019\/08\/WhatsApp-Image-2019-08-17-at-1.17.51-AM.jpeg\" data-orig-size=\"1040,780\" data-comments-opened=\"1\" data-image-meta=\"{&quot;aperture&quot;:&quot;0&quot;,&quot;credit&quot;:&quot;&quot;,&quot;camera&quot;:&quot;&quot;,&quot;caption&quot;:&quot;&quot;,&quot;created_timestamp&quot;:&quot;0&quot;,&quot;copyright&quot;:&quot;&quot;,&quot;focal_length&quot;:&quot;0&quot;,&quot;iso&quot;:&quot;0&quot;,&quot;shutter_speed&quot;:&quot;0&quot;,&quot;title&quot;:&quot;&quot;,&quot;orientation&quot;:&quot;0&quot;}\" data-image-title=\"WhatsApp Image 2019-08-17 at 1.17.51 AM\" data-image-description=\"\" data-image-caption=\"\" data-large-file=\"https:\/\/eldiariodesanpedro.com.ar\/sitio\/wp-content\/uploads\/2019\/08\/WhatsApp-Image-2019-08-17-at-1.17.51-AM-1024x768.jpeg\" data-src=\"https:\/\/i0.wp.com\/eldiariodesanpedro.com.ar\/sitio\/wp-content\/uploads\/2019\/08\/WhatsApp-Image-2019-08-17-at-1.17.51-AM.jpeg?fit=660%2C495\" alt=\"\" data-id=\"58334\" data-link=\"https:\/\/eldiariodesanpedro.com.ar\/sitio\/?attachment_id=58334\" class=\"wp-image-58334 lazyload\" data-srcset=\"https:\/\/eldiariodesanpedro.com.ar\/sitio\/wp-content\/uploads\/2019\/08\/WhatsApp-Image-2019-08-17-at-1.17.51-AM.jpeg 1040w, https:\/\/eldiariodesanpedro.com.ar\/sitio\/wp-content\/uploads\/2019\/08\/WhatsApp-Image-2019-08-17-at-1.17.51-AM-300x225.jpeg 300w, https:\/\/eldiariodesanpedro.com.ar\/sitio\/wp-content\/uploads\/2019\/08\/WhatsApp-Image-2019-08-17-at-1.17.51-AM-768x576.jpeg 768w, https:\/\/eldiariodesanpedro.com.ar\/sitio\/wp-content\/uploads\/2019\/08\/WhatsApp-Image-2019-08-17-at-1.17.51-AM-1024x768.jpeg 1024w\" data-sizes=\"(max-width: 1040px) 100vw, 1040px\" src=\"data:image\/svg+xml;base64,PHN2ZyB3aWR0aD0iMSIgaGVpZ2h0PSIxIiB4bWxucz0iaHR0cDovL3d3dy53My5vcmcvMjAwMC9zdmciPjwvc3ZnPg==\" style=\"--smush-placeholder-width: 1040px; --smush-placeholder-aspect-ratio: 1040\/780;\" \/><\/figure><\/li><li class=\"blocks-gallery-item\"><figure><img decoding=\"async\" width=\"780\" height=\"1040\" data-attachment-id=\"58335\" data-permalink=\"https:\/\/eldiariodesanpedro.com.ar\/sitio\/narco-desbaratan-una-banda-la-abeja-reina-del-narco-menudeo\/whatsapp-image-2019-08-17-at-1-17-52-am\/\" data-orig-file=\"https:\/\/eldiariodesanpedro.com.ar\/sitio\/wp-content\/uploads\/2019\/08\/WhatsApp-Image-2019-08-17-at-1.17.52-AM.jpeg\" data-orig-size=\"780,1040\" data-comments-opened=\"1\" data-image-meta=\"{&quot;aperture&quot;:&quot;0&quot;,&quot;credit&quot;:&quot;&quot;,&quot;camera&quot;:&quot;&quot;,&quot;caption&quot;:&quot;&quot;,&quot;created_timestamp&quot;:&quot;0&quot;,&quot;copyright&quot;:&quot;&quot;,&quot;focal_length&quot;:&quot;0&quot;,&quot;iso&quot;:&quot;0&quot;,&quot;shutter_speed&quot;:&quot;0&quot;,&quot;title&quot;:&quot;&quot;,&quot;orientation&quot;:&quot;0&quot;}\" data-image-title=\"WhatsApp Image 2019-08-17 at 1.17.52 AM\" data-image-description=\"\" data-image-caption=\"\" data-large-file=\"https:\/\/eldiariodesanpedro.com.ar\/sitio\/wp-content\/uploads\/2019\/08\/WhatsApp-Image-2019-08-17-at-1.17.52-AM-768x1024.jpeg\" data-src=\"https:\/\/i0.wp.com\/eldiariodesanpedro.com.ar\/sitio\/wp-content\/uploads\/2019\/08\/WhatsApp-Image-2019-08-17-at-1.17.52-AM.jpeg?fit=660%2C880\" alt=\"\" data-id=\"58335\" data-link=\"https:\/\/eldiariodesanpedro.com.ar\/sitio\/?attachment_id=58335\" class=\"wp-image-58335 lazyload\" data-srcset=\"https:\/\/eldiariodesanpedro.com.ar\/sitio\/wp-content\/uploads\/2019\/08\/WhatsApp-Image-2019-08-17-at-1.17.52-AM.jpeg 780w, https:\/\/eldiariodesanpedro.com.ar\/sitio\/wp-content\/uploads\/2019\/08\/WhatsApp-Image-2019-08-17-at-1.17.52-AM-225x300.jpeg 225w, https:\/\/eldiariodesanpedro.com.ar\/sitio\/wp-content\/uploads\/2019\/08\/WhatsApp-Image-2019-08-17-at-1.17.52-AM-768x1024.jpeg 768w\" data-sizes=\"(max-width: 780px) 100vw, 780px\" src=\"data:image\/svg+xml;base64,PHN2ZyB3aWR0aD0iMSIgaGVpZ2h0PSIxIiB4bWxucz0iaHR0cDovL3d3dy53My5vcmcvMjAwMC9zdmciPjwvc3ZnPg==\" style=\"--smush-placeholder-width: 780px; --smush-placeholder-aspect-ratio: 780\/1040;\" \/><\/figure><\/li><li class=\"blocks-gallery-item\"><figure><img decoding=\"async\" width=\"780\" height=\"1040\" data-attachment-id=\"58336\" data-permalink=\"https:\/\/eldiariodesanpedro.com.ar\/sitio\/narco-desbaratan-una-banda-la-abeja-reina-del-narco-menudeo\/whatsapp-image-2019-08-17-at-1-17-53-am\/\" data-orig-file=\"https:\/\/eldiariodesanpedro.com.ar\/sitio\/wp-content\/uploads\/2019\/08\/WhatsApp-Image-2019-08-17-at-1.17.53-AM.jpeg\" data-orig-size=\"780,1040\" data-comments-opened=\"1\" data-image-meta=\"{&quot;aperture&quot;:&quot;0&quot;,&quot;credit&quot;:&quot;&quot;,&quot;camera&quot;:&quot;&quot;,&quot;caption&quot;:&quot;&quot;,&quot;created_timestamp&quot;:&quot;0&quot;,&quot;copyright&quot;:&quot;&quot;,&quot;focal_length&quot;:&quot;0&quot;,&quot;iso&quot;:&quot;0&quot;,&quot;shutter_speed&quot;:&quot;0&quot;,&quot;title&quot;:&quot;&quot;,&quot;orientation&quot;:&quot;0&quot;}\" data-image-title=\"WhatsApp Image 2019-08-17 at 1.17.53 AM\" data-image-description=\"\" data-image-caption=\"\" data-large-file=\"https:\/\/eldiariodesanpedro.com.ar\/sitio\/wp-content\/uploads\/2019\/08\/WhatsApp-Image-2019-08-17-at-1.17.53-AM-768x1024.jpeg\" data-src=\"https:\/\/i0.wp.com\/eldiariodesanpedro.com.ar\/sitio\/wp-content\/uploads\/2019\/08\/WhatsApp-Image-2019-08-17-at-1.17.53-AM.jpeg?fit=660%2C880\" alt=\"\" data-id=\"58336\" data-link=\"https:\/\/eldiariodesanpedro.com.ar\/sitio\/?attachment_id=58336\" class=\"wp-image-58336 lazyload\" data-srcset=\"https:\/\/eldiariodesanpedro.com.ar\/sitio\/wp-content\/uploads\/2019\/08\/WhatsApp-Image-2019-08-17-at-1.17.53-AM.jpeg 780w, https:\/\/eldiariodesanpedro.com.ar\/sitio\/wp-content\/uploads\/2019\/08\/WhatsApp-Image-2019-08-17-at-1.17.53-AM-225x300.jpeg 225w, https:\/\/eldiariodesanpedro.com.ar\/sitio\/wp-content\/uploads\/2019\/08\/WhatsApp-Image-2019-08-17-at-1.17.53-AM-768x1024.jpeg 768w\" data-sizes=\"(max-width: 780px) 100vw, 780px\" src=\"data:image\/svg+xml;base64,PHN2ZyB3aWR0aD0iMSIgaGVpZ2h0PSIxIiB4bWxucz0iaHR0cDovL3d3dy53My5vcmcvMjAwMC9zdmciPjwvc3ZnPg==\" style=\"--smush-placeholder-width: 780px; --smush-placeholder-aspect-ratio: 780\/1040;\" \/><\/figure><\/li><li class=\"blocks-gallery-item\"><figure><img decoding=\"async\" width=\"1040\" height=\"780\" data-attachment-id=\"58337\" data-permalink=\"https:\/\/eldiariodesanpedro.com.ar\/sitio\/narco-desbaratan-una-banda-la-abeja-reina-del-narco-menudeo\/whatsapp-image-2019-08-17-at-1-17-54-am-1\/\" data-orig-file=\"https:\/\/eldiariodesanpedro.com.ar\/sitio\/wp-content\/uploads\/2019\/08\/WhatsApp-Image-2019-08-17-at-1.17.54-AM-1.jpeg\" data-orig-size=\"1040,780\" data-comments-opened=\"1\" data-image-meta=\"{&quot;aperture&quot;:&quot;0&quot;,&quot;credit&quot;:&quot;&quot;,&quot;camera&quot;:&quot;&quot;,&quot;caption&quot;:&quot;&quot;,&quot;created_timestamp&quot;:&quot;0&quot;,&quot;copyright&quot;:&quot;&quot;,&quot;focal_length&quot;:&quot;0&quot;,&quot;iso&quot;:&quot;0&quot;,&quot;shutter_speed&quot;:&quot;0&quot;,&quot;title&quot;:&quot;&quot;,&quot;orientation&quot;:&quot;0&quot;}\" data-image-title=\"WhatsApp Image 2019-08-17 at 1.17.54 AM (1)\" data-image-description=\"\" data-image-caption=\"\" data-large-file=\"https:\/\/eldiariodesanpedro.com.ar\/sitio\/wp-content\/uploads\/2019\/08\/WhatsApp-Image-2019-08-17-at-1.17.54-AM-1-1024x768.jpeg\" data-src=\"https:\/\/i0.wp.com\/eldiariodesanpedro.com.ar\/sitio\/wp-content\/uploads\/2019\/08\/WhatsApp-Image-2019-08-17-at-1.17.54-AM-1.jpeg?fit=660%2C495\" alt=\"\" data-id=\"58337\" data-link=\"https:\/\/eldiariodesanpedro.com.ar\/sitio\/?attachment_id=58337\" class=\"wp-image-58337 lazyload\" data-srcset=\"https:\/\/eldiariodesanpedro.com.ar\/sitio\/wp-content\/uploads\/2019\/08\/WhatsApp-Image-2019-08-17-at-1.17.54-AM-1.jpeg 1040w, https:\/\/eldiariodesanpedro.com.ar\/sitio\/wp-content\/uploads\/2019\/08\/WhatsApp-Image-2019-08-17-at-1.17.54-AM-1-300x225.jpeg 300w, https:\/\/eldiariodesanpedro.com.ar\/sitio\/wp-content\/uploads\/2019\/08\/WhatsApp-Image-2019-08-17-at-1.17.54-AM-1-768x576.jpeg 768w, https:\/\/eldiariodesanpedro.com.ar\/sitio\/wp-content\/uploads\/2019\/08\/WhatsApp-Image-2019-08-17-at-1.17.54-AM-1-1024x768.jpeg 1024w\" data-sizes=\"(max-width: 1040px) 100vw, 1040px\" src=\"data:image\/svg+xml;base64,PHN2ZyB3aWR0aD0iMSIgaGVpZ2h0PSIxIiB4bWxucz0iaHR0cDovL3d3dy53My5vcmcvMjAwMC9zdmciPjwvc3ZnPg==\" style=\"--smush-placeholder-width: 1040px; --smush-placeholder-aspect-ratio: 1040\/780;\" \/><\/figure><\/li><li class=\"blocks-gallery-item\"><figure><img decoding=\"async\" width=\"774\" height=\"1032\" data-attachment-id=\"58338\" data-permalink=\"https:\/\/eldiariodesanpedro.com.ar\/sitio\/narco-desbaratan-una-banda-la-abeja-reina-del-narco-menudeo\/whatsapp-image-2019-08-17-at-1-17-54-am\/\" data-orig-file=\"https:\/\/eldiariodesanpedro.com.ar\/sitio\/wp-content\/uploads\/2019\/08\/WhatsApp-Image-2019-08-17-at-1.17.54-AM.jpeg\" data-orig-size=\"774,1032\" data-comments-opened=\"1\" data-image-meta=\"{&quot;aperture&quot;:&quot;0&quot;,&quot;credit&quot;:&quot;&quot;,&quot;camera&quot;:&quot;&quot;,&quot;caption&quot;:&quot;&quot;,&quot;created_timestamp&quot;:&quot;0&quot;,&quot;copyright&quot;:&quot;&quot;,&quot;focal_length&quot;:&quot;0&quot;,&quot;iso&quot;:&quot;0&quot;,&quot;shutter_speed&quot;:&quot;0&quot;,&quot;title&quot;:&quot;&quot;,&quot;orientation&quot;:&quot;0&quot;}\" data-image-title=\"WhatsApp Image 2019-08-17 at 1.17.54 AM\" data-image-description=\"\" data-image-caption=\"\" data-large-file=\"https:\/\/eldiariodesanpedro.com.ar\/sitio\/wp-content\/uploads\/2019\/08\/WhatsApp-Image-2019-08-17-at-1.17.54-AM-768x1024.jpeg\" data-src=\"https:\/\/i2.wp.com\/eldiariodesanpedro.com.ar\/sitio\/wp-content\/uploads\/2019\/08\/WhatsApp-Image-2019-08-17-at-1.17.54-AM.jpeg?fit=660%2C880\" alt=\"\" data-id=\"58338\" data-link=\"https:\/\/eldiariodesanpedro.com.ar\/sitio\/?attachment_id=58338\" class=\"wp-image-58338 lazyload\" data-srcset=\"https:\/\/eldiariodesanpedro.com.ar\/sitio\/wp-content\/uploads\/2019\/08\/WhatsApp-Image-2019-08-17-at-1.17.54-AM.jpeg 774w, https:\/\/eldiariodesanpedro.com.ar\/sitio\/wp-content\/uploads\/2019\/08\/WhatsApp-Image-2019-08-17-at-1.17.54-AM-225x300.jpeg 225w, https:\/\/eldiariodesanpedro.com.ar\/sitio\/wp-content\/uploads\/2019\/08\/WhatsApp-Image-2019-08-17-at-1.17.54-AM-768x1024.jpeg 768w\" data-sizes=\"(max-width: 774px) 100vw, 774px\" src=\"data:image\/svg+xml;base64,PHN2ZyB3aWR0aD0iMSIgaGVpZ2h0PSIxIiB4bWxucz0iaHR0cDovL3d3dy53My5vcmcvMjAwMC9zdmciPjwvc3ZnPg==\" style=\"--smush-placeholder-width: 774px; --smush-placeholder-aspect-ratio: 774\/1032;\" \/><\/figure><\/li><li class=\"blocks-gallery-item\"><figure><img decoding=\"async\" width=\"720\" height=\"1280\" data-attachment-id=\"58339\" data-permalink=\"https:\/\/eldiariodesanpedro.com.ar\/sitio\/narco-desbaratan-una-banda-la-abeja-reina-del-narco-menudeo\/whatsapp-image-2019-08-17-at-1-17-55-am\/\" data-orig-file=\"https:\/\/eldiariodesanpedro.com.ar\/sitio\/wp-content\/uploads\/2019\/08\/WhatsApp-Image-2019-08-17-at-1.17.55-AM.jpeg\" data-orig-size=\"720,1280\" data-comments-opened=\"1\" data-image-meta=\"{&quot;aperture&quot;:&quot;0&quot;,&quot;credit&quot;:&quot;&quot;,&quot;camera&quot;:&quot;&quot;,&quot;caption&quot;:&quot;&quot;,&quot;created_timestamp&quot;:&quot;0&quot;,&quot;copyright&quot;:&quot;&quot;,&quot;focal_length&quot;:&quot;0&quot;,&quot;iso&quot;:&quot;0&quot;,&quot;shutter_speed&quot;:&quot;0&quot;,&quot;title&quot;:&quot;&quot;,&quot;orientation&quot;:&quot;0&quot;}\" data-image-title=\"WhatsApp Image 2019-08-17 at 1.17.55 AM\" data-image-description=\"\" data-image-caption=\"\" data-large-file=\"https:\/\/eldiariodesanpedro.com.ar\/sitio\/wp-content\/uploads\/2019\/08\/WhatsApp-Image-2019-08-17-at-1.17.55-AM-576x1024.jpeg\" data-src=\"https:\/\/i2.wp.com\/eldiariodesanpedro.com.ar\/sitio\/wp-content\/uploads\/2019\/08\/WhatsApp-Image-2019-08-17-at-1.17.55-AM.jpeg?fit=576%2C1024\" alt=\"\" data-id=\"58339\" data-link=\"https:\/\/eldiariodesanpedro.com.ar\/sitio\/?attachment_id=58339\" class=\"wp-image-58339 lazyload\" data-srcset=\"https:\/\/eldiariodesanpedro.com.ar\/sitio\/wp-content\/uploads\/2019\/08\/WhatsApp-Image-2019-08-17-at-1.17.55-AM.jpeg 720w, https:\/\/eldiariodesanpedro.com.ar\/sitio\/wp-content\/uploads\/2019\/08\/WhatsApp-Image-2019-08-17-at-1.17.55-AM-169x300.jpeg 169w, https:\/\/eldiariodesanpedro.com.ar\/sitio\/wp-content\/uploads\/2019\/08\/WhatsApp-Image-2019-08-17-at-1.17.55-AM-576x1024.jpeg 576w\" data-sizes=\"(max-width: 720px) 100vw, 720px\" src=\"data:image\/svg+xml;base64,PHN2ZyB3aWR0aD0iMSIgaGVpZ2h0PSIxIiB4bWxucz0iaHR0cDovL3d3dy53My5vcmcvMjAwMC9zdmciPjwvc3ZnPg==\" style=\"--smush-placeholder-width: 720px; --smush-placeholder-aspect-ratio: 720\/1280;\" \/><\/figure><\/li><\/ul>\n","protected":false},"excerpt":{"rendered":"<p>El hecho sucedi\u00f3 durante el d\u00eda viernes con personal a cargo de la Departamental de Investigaciones del Trafico de Drogas Il\u00edcitas Y crimen Organizado San Nicol\u00e1s en conjunto con diferentes fuerzas a cargo de la Fiscalia N\u00ba11, donde irrumpieron en diferentes Barrios de la Ciudad, como as\u00ed tambi\u00e9n se realizo en forma simult\u00e1nea el despliegue [&hellip;]<\/p>\n","protected":false},"author":4,"featured_media":58331,"comment_status":"open","ping_status":"closed","sticky":false,"template":"","format":"standard","meta":{"om_disable_all_campaigns":false,"_jetpack_memberships_contains_paid_content":false,"footnotes":""},"categories":[50,2,103],"tags":[],"class_list":["post-58330","post","type-post","status-publish","format-standard","has-post-thumbnail","hentry","category-destacadas","category-locales","category-policiales-locales"],"aioseo_notices":[],"gutentor_comment":0,"jetpack_featured_media_url":"https:\/\/eldiariodesanpedro.com.ar\/sitio\/wp-content\/uploads\/2019\/08\/WhatsApp-Image-2019-08-17-at-8.50.28-AM.jpeg","jetpack_shortlink":"https:\/\/wp.me\/p6RhLt-faO","jetpack_sharing_enabled":true,"_links":{"self":[{"href":"https:\/\/eldiariodesanpedro.com.ar\/sitio\/wp-json\/wp\/v2\/posts\/58330","targetHints":{"allow":["GET"]}}],"collection":[{"href":"https:\/\/eldiariodesanpedro.com.ar\/sitio\/wp-json\/wp\/v2\/posts"}],"about":[{"href":"https:\/\/eldiariodesanpedro.com.ar\/sitio\/wp-json\/wp\/v2\/types\/post"}],"author":[{"embeddable":true,"href":"https:\/\/eldiariodesanpedro.com.ar\/sitio\/wp-json\/wp\/v2\/users\/4"}],"replies":[{"embeddable":true,"href":"https:\/\/eldiariodesanpedro.com.ar\/sitio\/wp-json\/wp\/v2\/comments?post=58330"}],"version-history":[{"count":1,"href":"https:\/\/eldiariodesanpedro.com.ar\/sitio\/wp-json\/wp\/v2\/posts\/58330\/revisions"}],"predecessor-version":[{"id":58341,"href":"https:\/\/eldiariodesanpedro.com.ar\/sitio\/wp-json\/wp\/v2\/posts\/58330\/revisions\/58341"}],"wp:featuredmedia":[{"embeddable":true,"href":"https:\/\/eldiariodesanpedro.com.ar\/sitio\/wp-json\/wp\/v2\/media\/58331"}],"wp:attachment":[{"href":"https:\/\/eldiariodesanpedro.com.ar\/sitio\/wp-json\/wp\/v2\/media?parent=58330"}],"wp:term":[{"taxonomy":"category","embeddable":true,"href":"https:\/\/eldiariodesanpedro.com.ar\/sitio\/wp-json\/wp\/v2\/categories?post=58330"},{"taxonomy":"post_tag","embeddable":true,"href":"https:\/\/eldiariodesanpedro.com.ar\/sitio\/wp-json\/wp\/v2\/tags?post=58330"}],"curies":[{"name":"wp","href":"https:\/\/api.w.org\/{rel}","templated":true}]}}