{"id":58327,"date":"2019-08-17T09:02:14","date_gmt":"2019-08-17T12:02:14","guid":{"rendered":"https:\/\/eldiariodesanpedro.com.ar\/sitio\/?p=58327"},"modified":"2019-08-17T09:02:18","modified_gmt":"2019-08-17T12:02:18","slug":"en-san-pedro-y-en-baradero-el-frente-de-todos-cocina-la-unidad-para-recuperar-los-municipios","status":"publish","type":"post","link":"https:\/\/eldiariodesanpedro.com.ar\/sitio\/en-san-pedro-y-en-baradero-el-frente-de-todos-cocina-la-unidad-para-recuperar-los-municipios\/","title":{"rendered":"En San Pedro y en Baradero, el Frente de Todos cocina la unidad para recuperar los municipios"},"content":{"rendered":"<!-- VideographyWP Plugin Message: Automatic video embedding prevented by plugin options. -->\n\n<p>La sumatoria de las listas del peronismo amenaza las chances de los actuales intendentes, que son de Cambiemos. Pero para consolidar ese escenario deben fidelizar cada voto de sus competidores en las PASO.<\/p>\n\n\n\n<p>En los cuarteles centrales del&nbsp;peronismo bonaerense mira con atenci\u00f3n lo que pasa en&nbsp;<strong>Baradero y en San Pedro<\/strong>, dos distritos de la segunda secci\u00f3n electoral donde, si se alinean los planetas, en octubre puede haber un cambio de signo pol\u00edtico. Ambos territorios tienen condiciones que los asemejan:&nbsp;<strong>hubo cuatro listas dentro del FDT que, sumadas, superaron en votos al intendente, de Cambiemos. Fidelizar es, entonces, la tarea.<\/strong><\/p>\n\n\n\n<p>En&nbsp;<strong>San Pedro<\/strong>, la victoria del FDT fue por d\u00e9cimas, sobre la boleta del intendente&nbsp;<strong>Cecilio Salazar, un hombre de la UATRE cobijado por Cambiemos<\/strong>&nbsp;que busca su segundo mandato. El candidato ganador del peronismo es<strong>&nbsp;Ester Noat<\/strong>, que se impuso con el 51 por ciento de los votos de la interna.<\/p>\n\n\n\n<p><strong>Noat es esposa del exintendente Julio P\u00e1ngaro<\/strong>, hist\u00f3rico dirigente del PJ, y secretaria de Desarrollo Humano del distrito. Para desbancar a Salazar necesitar\u00e1 de todos y cada uno de los votos de sus competidores en la interna. Por lo pronto, ya mostr\u00f3 un acercamiento con\u00a0<strong>Marcos Arana, que qued\u00f3 segundo.\u00a0<\/strong><\/p>\n\n\n\n<p>La apuesta fuerte es el arrastre de la boleta Nacional, que sum\u00f3 3 mil votos m\u00e1s que la de Cambiemos. Y el contrapeso es la Provincial, donde la brecha se redujo a menos de mil votos, porque hubo un fuerte corte a favor de\u00a0<strong>Mar\u00eda Eugenia Vidal.\u00a0<\/strong><\/p>\n\n\n\n<p>En<strong>&nbsp;Baradero, el FDT unido puede propinarle una paliza a la actual intendenta Fernanda Antonijevic<\/strong>, de Cambiemos. En las PASO hubo cuatro listas que sumaron 55 puntos, contra el 26.7 del oficialismo. El candidato m\u00e1s votado fue<strong>&nbsp;Esteban \u201cTito\u201d Sanzio, delegado del SMATA Baradero, que sac\u00f3 400 votos menos que la Intendenta en el \u201cmano a mano\u201d.<\/strong><\/p>\n\n\n\n<p>Sanzio ya se reuni\u00f3 con integrantes de dos de las tres listas que le hicieron fuerza, incluida la que apoy\u00f3 el exintendente Aldo Carossi, y que se encontrar\u00e1 mano a mano con el faltante a la brevedad.&nbsp;Su vocaci\u00f3n, le dijo a INFOCIELO, es construir \u201ccon pluralidad y diversidad\u201d. Para eso convoc\u00f3 a dirigentes radicales, del PS y del kirchnerismo.<\/p>\n\n\n\n<p>Respecto de la gesti\u00f3n de&nbsp;<strong>Antonijevic<\/strong>, destac\u00f3 el buen trabajo en materia educativa y prometi\u00f3 continuar esa senda. Y cuestion\u00f3 las falencias en materia de salud, seguridad, trabajo y servicios. \u201cQuieren hacer en dos meses todo lo que no han hecho en tres a\u00f1os\u201d.&nbsp;La coyuntura tampoco ayuda a Cambiemos: en el distrito cerraron empresas emblem\u00e1ticas como Atanor y Germaiz.&nbsp;Otras como Ingredion, bajaron su producci\u00f3n. Casi 700 familias perdieron o vieron en peligro su fuente laboral en un distrito de 40 mil habitantes.<\/p>\n\n\n\n<p>Por eso, tal vez, los votos de Fern\u00e1ndez Fern\u00e1ndez duplicaron a las de Macri Pichetto. Casi tanto como los de Kicillof Magario, que pr\u00e1cticamente duplic\u00f3 los que consigui\u00f3 la de Vidal.<\/p>\n\n\n\n<p><br><\/p>\n\n\n\n<p>Fuente: info Cielo<\/p>\n","protected":false},"excerpt":{"rendered":"<p>La sumatoria de las listas del peronismo amenaza las chances de los actuales intendentes, que son de Cambiemos. Pero para consolidar ese escenario deben fidelizar cada voto de sus competidores en las PASO. En los cuarteles centrales del&nbsp;peronismo bonaerense mira con atenci\u00f3n lo que pasa en&nbsp;Baradero y en San Pedro, dos distritos de la segunda [&hellip;]<\/p>\n","protected":false},"author":4,"featured_media":58328,"comment_status":"open","ping_status":"closed","sticky":false,"template":"","format":"standard","meta":{"om_disable_all_campaigns":false,"_jetpack_memberships_contains_paid_content":false,"footnotes":""},"categories":[2,102],"tags":[],"class_list":["post-58327","post","type-post","status-publish","format-standard","has-post-thumbnail","hentry","category-locales","category-politica-locales"],"aioseo_notices":[],"gutentor_comment":0,"jetpack_featured_media_url":"https:\/\/eldiariodesanpedro.com.ar\/sitio\/wp-content\/uploads\/2019\/08\/20190816172452_sanpedrobaradero.jpg","jetpack_shortlink":"https:\/\/wp.me\/p6RhLt-faL","jetpack_sharing_enabled":true,"_links":{"self":[{"href":"https:\/\/eldiariodesanpedro.com.ar\/sitio\/wp-json\/wp\/v2\/posts\/58327","targetHints":{"allow":["GET"]}}],"collection":[{"href":"https:\/\/eldiariodesanpedro.com.ar\/sitio\/wp-json\/wp\/v2\/posts"}],"about":[{"href":"https:\/\/eldiariodesanpedro.com.ar\/sitio\/wp-json\/wp\/v2\/types\/post"}],"author":[{"embeddable":true,"href":"https:\/\/eldiariodesanpedro.com.ar\/sitio\/wp-json\/wp\/v2\/users\/4"}],"replies":[{"embeddable":true,"href":"https:\/\/eldiariodesanpedro.com.ar\/sitio\/wp-json\/wp\/v2\/comments?post=58327"}],"version-history":[{"count":1,"href":"https:\/\/eldiariodesanpedro.com.ar\/sitio\/wp-json\/wp\/v2\/posts\/58327\/revisions"}],"predecessor-version":[{"id":58329,"href":"https:\/\/eldiariodesanpedro.com.ar\/sitio\/wp-json\/wp\/v2\/posts\/58327\/revisions\/58329"}],"wp:featuredmedia":[{"embeddable":true,"href":"https:\/\/eldiariodesanpedro.com.ar\/sitio\/wp-json\/wp\/v2\/media\/58328"}],"wp:attachment":[{"href":"https:\/\/eldiariodesanpedro.com.ar\/sitio\/wp-json\/wp\/v2\/media?parent=58327"}],"wp:term":[{"taxonomy":"category","embeddable":true,"href":"https:\/\/eldiariodesanpedro.com.ar\/sitio\/wp-json\/wp\/v2\/categories?post=58327"},{"taxonomy":"post_tag","embeddable":true,"href":"https:\/\/eldiariodesanpedro.com.ar\/sitio\/wp-json\/wp\/v2\/tags?post=58327"}],"curies":[{"name":"wp","href":"https:\/\/api.w.org\/{rel}","templated":true}]}}