{"id":58321,"date":"2019-08-16T19:11:38","date_gmt":"2019-08-16T22:11:38","guid":{"rendered":"https:\/\/eldiariodesanpedro.com.ar\/sitio\/?p=58321"},"modified":"2019-08-16T19:11:42","modified_gmt":"2019-08-16T22:11:42","slug":"santa-lucia-brutal-golpiza-a-un-abuelo-de-82-anos","status":"publish","type":"post","link":"https:\/\/eldiariodesanpedro.com.ar\/sitio\/santa-lucia-brutal-golpiza-a-un-abuelo-de-82-anos\/","title":{"rendered":"Santa Luc\u00eda: Brutal golpiza a un abuelo de 82 a\u00f1os"},"content":{"rendered":"<!-- VideographyWP Plugin Message: Automatic video embedding prevented by plugin options. -->\n\n<p>El aberrante hecho se produjo este jueves por la noche en una peque\u00f1a despensa donde es atendida por su propietario, un abuelo de 82 a\u00f1os de edad, quien al momento del cierre de su jornada laboral es sorprendido por su vecino, quien como siempre dialogaba, pero esta vez fue diferente, recibi\u00f3 una brutal golpiza dej\u00e1ndolo inconsciente en el suelo para lograr sustraerle una important\u00edsima suma de dinero y darse a la fuga.<\/p>\n\n\n\n<p>Hasta el momento se pudo constatar alrededor de 70 mil pesos, luego de que los familiares revisaran los lugares claves donde el abuelo guardaba el dinero de la jubilaci\u00f3n , ahorros y para reponer mercader\u00eda.<\/p>\n\n\n\n<p>Personal policial es alertado el jueves por la madrugada cuando Don Coronel despert\u00f3 luego de varios minutos inconsciente y pudo llamar por su tel\u00e9fono celular a un amigo, quien r\u00e1pidamente lo asisti\u00f3 al verlo lleno de sangre.<\/p>\n\n\n\n<p>Por la tarde del viernes dialogamos con su nieta Daiana quien entre l\u00e1grimas, muy angustiada nos cont\u00f3 el estado de salud de su abuelo y que fue lo record\u00f3 al llegar al hospital: \u00abahora est\u00e1 en una sala com\u00fan, ingres\u00f3 con un traumatismo de cr\u00e1neo, le est\u00e1n haciendo estudios por que primero estuvo en terapia, tuvo una hemorragia importante, est\u00e1 muy lastimado, muy golpeado, tiene 30 puntos en la cabeza\u00bb<\/p>\n\n\n\n<p>\u00abEl se encontraba cerrando la despensa cuando se cruza el vecino y le pregunta si tenia algo para comer, si lo pod\u00eda ayudar por lo habian hechado, supuestamente, de la casa, mi abuelo le responde \u00absi mijo pasa\u00bb y ahi sucedio lo peor, siente que lo golpea y cae al piso, se desvanece y por lo que pudo recordar despu\u00e9s, es que habia mas, dos mas seguro\u00bb<\/p>\n\n\n\n<p>\u00abEsta muy asustado, muy triste, lo quer\u00edan matar, le golpearon con un banco en la cabeza, esta persona cuando se va sola o con otros mas, penso que mi abuelo estaba muerto, cuando entre a la casa, hasta en el techo hab\u00eda sangre\u00bb<\/p>\n\n\n\n<p>Por la tarde tambi\u00e9n dialogamos con el comisario de la dependencia de nuestra ciudad, Galeano, quien nos conto que se realizo un allanamiento en la vivienda del vecino acusado de golpear y robarle dinero al abuelo pero arrojo resultados negativos, y que las tareas investigativas se siguen con un amplio operativo cerrojo para dar con el paradero del, ahora pr\u00f3fugo.<\/p>\n\n\n\n<p>Daiana agregaba en su relato, \u00abno se imagin\u00f3 que esta persona iba a ser esto, si me dec\u00eda mi abuelo que se drogaba mucho, pero para el era un amigo, como de la familia, luego del hospital revisamos la casa y estaba todo revuelto, la pieza, en la parte del ropero le sacaron toda la plata, est\u00e1 recordando todo de a poco\u00bb<\/p>\n\n\n\n<p>Para finalizar Daiana continu\u00f3 diciendo, \u00abmi abuelo lo quiso ayudar, lo vio mal, y le pago as\u00ed, lo golpeo tanto que estoy segura que lo quer\u00eda matar, quiero que lo encuentren, por favor, mi abuelo se va a recuperar, pero quiero que esta persona este presa\u00bb.<\/p>\n\n\n\n<figure class=\"wp-block-image\"><img decoding=\"async\" width=\"1024\" height=\"768\" data-attachment-id=\"58323\" data-permalink=\"https:\/\/eldiariodesanpedro.com.ar\/sitio\/img-20190816-wa0086\/\" data-orig-file=\"https:\/\/eldiariodesanpedro.com.ar\/sitio\/wp-content\/uploads\/2019\/08\/IMG-20190816-WA0086.jpg\" data-orig-size=\"1032,774\" data-comments-opened=\"1\" data-image-meta=\"{&quot;aperture&quot;:&quot;0&quot;,&quot;credit&quot;:&quot;&quot;,&quot;camera&quot;:&quot;&quot;,&quot;caption&quot;:&quot;&quot;,&quot;created_timestamp&quot;:&quot;0&quot;,&quot;copyright&quot;:&quot;&quot;,&quot;focal_length&quot;:&quot;0&quot;,&quot;iso&quot;:&quot;0&quot;,&quot;shutter_speed&quot;:&quot;0&quot;,&quot;title&quot;:&quot;&quot;,&quot;orientation&quot;:&quot;0&quot;}\" data-image-title=\"IMG-20190816-WA0086\" data-image-description=\"\" data-image-caption=\"\" data-large-file=\"https:\/\/eldiariodesanpedro.com.ar\/sitio\/wp-content\/uploads\/2019\/08\/IMG-20190816-WA0086-1024x768.jpg\" data-src=\"https:\/\/eldiariodesanpedro.com.ar\/sitio\/wp-content\/uploads\/2019\/08\/IMG-20190816-WA0086-1024x768.jpg\" alt=\"\" class=\"wp-image-58323 lazyload\" data-srcset=\"https:\/\/eldiariodesanpedro.com.ar\/sitio\/wp-content\/uploads\/2019\/08\/IMG-20190816-WA0086-1024x768.jpg 1024w, https:\/\/eldiariodesanpedro.com.ar\/sitio\/wp-content\/uploads\/2019\/08\/IMG-20190816-WA0086-300x225.jpg 300w, https:\/\/eldiariodesanpedro.com.ar\/sitio\/wp-content\/uploads\/2019\/08\/IMG-20190816-WA0086-768x576.jpg 768w, https:\/\/eldiariodesanpedro.com.ar\/sitio\/wp-content\/uploads\/2019\/08\/IMG-20190816-WA0086.jpg 1032w\" data-sizes=\"(max-width: 1024px) 100vw, 1024px\" src=\"data:image\/svg+xml;base64,PHN2ZyB3aWR0aD0iMSIgaGVpZ2h0PSIxIiB4bWxucz0iaHR0cDovL3d3dy53My5vcmcvMjAwMC9zdmciPjwvc3ZnPg==\" style=\"--smush-placeholder-width: 1024px; --smush-placeholder-aspect-ratio: 1024\/768;\" \/><\/figure>\n","protected":false},"excerpt":{"rendered":"<p>El aberrante hecho se produjo este jueves por la noche en una peque\u00f1a despensa donde es atendida por su propietario, un abuelo de 82 a\u00f1os de edad, quien al momento del cierre de su jornada laboral es sorprendido por su vecino, quien como siempre dialogaba, pero esta vez fue diferente, recibi\u00f3 una brutal golpiza dej\u00e1ndolo [&hellip;]<\/p>\n","protected":false},"author":4,"featured_media":58323,"comment_status":"open","ping_status":"closed","sticky":false,"template":"","format":"standard","meta":{"om_disable_all_campaigns":false,"_jetpack_memberships_contains_paid_content":false,"footnotes":""},"categories":[50,2,103],"tags":[],"class_list":["post-58321","post","type-post","status-publish","format-standard","has-post-thumbnail","hentry","category-destacadas","category-locales","category-policiales-locales"],"aioseo_notices":[],"gutentor_comment":0,"jetpack_featured_media_url":"https:\/\/eldiariodesanpedro.com.ar\/sitio\/wp-content\/uploads\/2019\/08\/IMG-20190816-WA0086.jpg","jetpack_shortlink":"https:\/\/wp.me\/p6RhLt-faF","jetpack_sharing_enabled":true,"_links":{"self":[{"href":"https:\/\/eldiariodesanpedro.com.ar\/sitio\/wp-json\/wp\/v2\/posts\/58321","targetHints":{"allow":["GET"]}}],"collection":[{"href":"https:\/\/eldiariodesanpedro.com.ar\/sitio\/wp-json\/wp\/v2\/posts"}],"about":[{"href":"https:\/\/eldiariodesanpedro.com.ar\/sitio\/wp-json\/wp\/v2\/types\/post"}],"author":[{"embeddable":true,"href":"https:\/\/eldiariodesanpedro.com.ar\/sitio\/wp-json\/wp\/v2\/users\/4"}],"replies":[{"embeddable":true,"href":"https:\/\/eldiariodesanpedro.com.ar\/sitio\/wp-json\/wp\/v2\/comments?post=58321"}],"version-history":[{"count":1,"href":"https:\/\/eldiariodesanpedro.com.ar\/sitio\/wp-json\/wp\/v2\/posts\/58321\/revisions"}],"predecessor-version":[{"id":58324,"href":"https:\/\/eldiariodesanpedro.com.ar\/sitio\/wp-json\/wp\/v2\/posts\/58321\/revisions\/58324"}],"wp:featuredmedia":[{"embeddable":true,"href":"https:\/\/eldiariodesanpedro.com.ar\/sitio\/wp-json\/wp\/v2\/media\/58323"}],"wp:attachment":[{"href":"https:\/\/eldiariodesanpedro.com.ar\/sitio\/wp-json\/wp\/v2\/media?parent=58321"}],"wp:term":[{"taxonomy":"category","embeddable":true,"href":"https:\/\/eldiariodesanpedro.com.ar\/sitio\/wp-json\/wp\/v2\/categories?post=58321"},{"taxonomy":"post_tag","embeddable":true,"href":"https:\/\/eldiariodesanpedro.com.ar\/sitio\/wp-json\/wp\/v2\/tags?post=58321"}],"curies":[{"name":"wp","href":"https:\/\/api.w.org\/{rel}","templated":true}]}}