{"id":58302,"date":"2019-08-16T18:17:20","date_gmt":"2019-08-16T21:17:20","guid":{"rendered":"https:\/\/eldiariodesanpedro.com.ar\/sitio\/?p=58302"},"modified":"2019-08-16T18:17:25","modified_gmt":"2019-08-16T21:17:25","slug":"renovacion-total-en-la-sala-de-espera-de-pediatria","status":"publish","type":"post","link":"https:\/\/eldiariodesanpedro.com.ar\/sitio\/renovacion-total-en-la-sala-de-espera-de-pediatria\/","title":{"rendered":"Renovaci\u00f3n total en la Sala de Espera de Pediatr\u00eda"},"content":{"rendered":"<!-- VideographyWP Plugin Message: Automatic video embedding prevented by plugin options. -->\n\n<p>En la Salud P\u00fablica de San Pedro, el cambio se nota y testigos de ello son miles de sampedrinos que todos los d\u00edas concurren a recibir atenci\u00f3n m\u00e9dica para mayores, adultos y ni\u00f1os, con confianza y respuesta profesional. Hoy fue un d\u00eda de celebraci\u00f3n con la presentaci\u00f3n oficial de las mejoras realizadas en la Sala de Espera la Guardia de Pediatr\u00eda del Hospital y un anticipo de la celebraci\u00f3n del D\u00eda del Ni\u00f1o. <\/p>\n\n\n\n<p>El Intendente Cecilio Salazar, parte de su equipo y miembros de la Cooperadora del Hospital, basti\u00f3n fundamental en el sostenimiento y crecimiento del nosocomio fueron part\u00edcipes de un encuentro que tuvo a los ni\u00f1os como protagonistas principales.<br><\/p>\n\n\n\n<p>En un acto colmado de emoci\u00f3n y reconocimiento, se realiz\u00f3 el corte de cintas que dio paso a la recorrida por este sector del nosocomio que fue remodelado y reacondicionado. Se hicieron trabajos en los techos, cielorraso, luminarias, aberturas, pintura y mamposter\u00eda.<br><\/p>\n\n\n\n<p>A partir de ahora, el sector cuenta con una espaciosa y c\u00f3moda recepci\u00f3n que fue decorada con pinturas y trabajos de mosaiquismo aportados por la Arquitecta Mar\u00eda Luz M\u00e9ndez.<br>El Jefe Comunal, recorri\u00f3 las instalaciones y comparti\u00f3 un momento con quienes se encontraban recibiendo atenci\u00f3n en el lugar. Es importante remarcar el trabajo de la Cooperadora del Hospital, presidida por Mirta Borrell, que fue homenajeada con una placa como reconocimiento a su labor.<br><\/p>\n\n\n\n<p>Los alumnos de la Escuela Secundaria N\u00b07 entregaron mesas, sillas y juegos para el entretenimiento de los ni\u00f1os en la sala de espera, en el marco de un proyecto de educaci\u00f3n solidaria. En el final compartieron junto a los alumnos del Centro Educativo Complementario 801, y en coincidencia con el D\u00eda del Ni\u00f1o, una obra de clown que dio cierre a esta emotiva jornada.<\/p>\n\n\n\n<ul class=\"wp-block-gallery columns-3 is-cropped wp-block-gallery-1 is-layout-flex wp-block-gallery-is-layout-flex\"><li class=\"blocks-gallery-item\"><figure><img decoding=\"async\" width=\"1040\" height=\"585\" data-attachment-id=\"58313\" data-permalink=\"https:\/\/eldiariodesanpedro.com.ar\/sitio\/renovacion-total-en-la-sala-de-espera-de-pediatria\/img-20190816-wa0100\/\" data-orig-file=\"https:\/\/eldiariodesanpedro.com.ar\/sitio\/wp-content\/uploads\/2019\/08\/IMG-20190816-WA0100.jpg\" data-orig-size=\"1040,585\" data-comments-opened=\"1\" data-image-meta=\"{&quot;aperture&quot;:&quot;0&quot;,&quot;credit&quot;:&quot;&quot;,&quot;camera&quot;:&quot;&quot;,&quot;caption&quot;:&quot;&quot;,&quot;created_timestamp&quot;:&quot;0&quot;,&quot;copyright&quot;:&quot;&quot;,&quot;focal_length&quot;:&quot;0&quot;,&quot;iso&quot;:&quot;0&quot;,&quot;shutter_speed&quot;:&quot;0&quot;,&quot;title&quot;:&quot;&quot;,&quot;orientation&quot;:&quot;0&quot;}\" data-image-title=\"IMG-20190816-WA0100\" data-image-description=\"\" data-image-caption=\"\" data-large-file=\"https:\/\/eldiariodesanpedro.com.ar\/sitio\/wp-content\/uploads\/2019\/08\/IMG-20190816-WA0100-1024x576.jpg\" data-src=\"https:\/\/i2.wp.com\/eldiariodesanpedro.com.ar\/sitio\/wp-content\/uploads\/2019\/08\/IMG-20190816-WA0100.jpg?fit=660%2C371\" alt=\"\" data-id=\"58313\" data-link=\"https:\/\/eldiariodesanpedro.com.ar\/sitio\/?attachment_id=58313\" class=\"wp-image-58313 lazyload\" data-srcset=\"https:\/\/eldiariodesanpedro.com.ar\/sitio\/wp-content\/uploads\/2019\/08\/IMG-20190816-WA0100.jpg 1040w, https:\/\/eldiariodesanpedro.com.ar\/sitio\/wp-content\/uploads\/2019\/08\/IMG-20190816-WA0100-300x169.jpg 300w, https:\/\/eldiariodesanpedro.com.ar\/sitio\/wp-content\/uploads\/2019\/08\/IMG-20190816-WA0100-768x432.jpg 768w, https:\/\/eldiariodesanpedro.com.ar\/sitio\/wp-content\/uploads\/2019\/08\/IMG-20190816-WA0100-1024x576.jpg 1024w\" data-sizes=\"(max-width: 1040px) 100vw, 1040px\" src=\"data:image\/svg+xml;base64,PHN2ZyB3aWR0aD0iMSIgaGVpZ2h0PSIxIiB4bWxucz0iaHR0cDovL3d3dy53My5vcmcvMjAwMC9zdmciPjwvc3ZnPg==\" style=\"--smush-placeholder-width: 1040px; --smush-placeholder-aspect-ratio: 1040\/585;\" \/><\/figure><\/li><li class=\"blocks-gallery-item\"><figure><img decoding=\"async\" width=\"1040\" height=\"585\" data-attachment-id=\"58314\" data-permalink=\"https:\/\/eldiariodesanpedro.com.ar\/sitio\/renovacion-total-en-la-sala-de-espera-de-pediatria\/img-20190816-wa0089\/\" data-orig-file=\"https:\/\/eldiariodesanpedro.com.ar\/sitio\/wp-content\/uploads\/2019\/08\/IMG-20190816-WA0089.jpg\" data-orig-size=\"1040,585\" data-comments-opened=\"1\" data-image-meta=\"{&quot;aperture&quot;:&quot;0&quot;,&quot;credit&quot;:&quot;&quot;,&quot;camera&quot;:&quot;&quot;,&quot;caption&quot;:&quot;&quot;,&quot;created_timestamp&quot;:&quot;0&quot;,&quot;copyright&quot;:&quot;&quot;,&quot;focal_length&quot;:&quot;0&quot;,&quot;iso&quot;:&quot;0&quot;,&quot;shutter_speed&quot;:&quot;0&quot;,&quot;title&quot;:&quot;&quot;,&quot;orientation&quot;:&quot;0&quot;}\" data-image-title=\"IMG-20190816-WA0089\" data-image-description=\"\" data-image-caption=\"\" data-large-file=\"https:\/\/eldiariodesanpedro.com.ar\/sitio\/wp-content\/uploads\/2019\/08\/IMG-20190816-WA0089-1024x576.jpg\" data-src=\"https:\/\/i0.wp.com\/eldiariodesanpedro.com.ar\/sitio\/wp-content\/uploads\/2019\/08\/IMG-20190816-WA0089.jpg?fit=660%2C371\" alt=\"\" data-id=\"58314\" data-link=\"https:\/\/eldiariodesanpedro.com.ar\/sitio\/?attachment_id=58314\" class=\"wp-image-58314 lazyload\" data-srcset=\"https:\/\/eldiariodesanpedro.com.ar\/sitio\/wp-content\/uploads\/2019\/08\/IMG-20190816-WA0089.jpg 1040w, https:\/\/eldiariodesanpedro.com.ar\/sitio\/wp-content\/uploads\/2019\/08\/IMG-20190816-WA0089-300x169.jpg 300w, https:\/\/eldiariodesanpedro.com.ar\/sitio\/wp-content\/uploads\/2019\/08\/IMG-20190816-WA0089-768x432.jpg 768w, https:\/\/eldiariodesanpedro.com.ar\/sitio\/wp-content\/uploads\/2019\/08\/IMG-20190816-WA0089-1024x576.jpg 1024w\" data-sizes=\"(max-width: 1040px) 100vw, 1040px\" src=\"data:image\/svg+xml;base64,PHN2ZyB3aWR0aD0iMSIgaGVpZ2h0PSIxIiB4bWxucz0iaHR0cDovL3d3dy53My5vcmcvMjAwMC9zdmciPjwvc3ZnPg==\" style=\"--smush-placeholder-width: 1040px; --smush-placeholder-aspect-ratio: 1040\/585;\" \/><\/figure><\/li><li class=\"blocks-gallery-item\"><figure><img decoding=\"async\" width=\"1040\" height=\"585\" data-attachment-id=\"58315\" data-permalink=\"https:\/\/eldiariodesanpedro.com.ar\/sitio\/renovacion-total-en-la-sala-de-espera-de-pediatria\/img-20190816-wa0107\/\" data-orig-file=\"https:\/\/eldiariodesanpedro.com.ar\/sitio\/wp-content\/uploads\/2019\/08\/IMG-20190816-WA0107.jpg\" data-orig-size=\"1040,585\" data-comments-opened=\"1\" data-image-meta=\"{&quot;aperture&quot;:&quot;0&quot;,&quot;credit&quot;:&quot;&quot;,&quot;camera&quot;:&quot;&quot;,&quot;caption&quot;:&quot;&quot;,&quot;created_timestamp&quot;:&quot;0&quot;,&quot;copyright&quot;:&quot;&quot;,&quot;focal_length&quot;:&quot;0&quot;,&quot;iso&quot;:&quot;0&quot;,&quot;shutter_speed&quot;:&quot;0&quot;,&quot;title&quot;:&quot;&quot;,&quot;orientation&quot;:&quot;0&quot;}\" data-image-title=\"IMG-20190816-WA0107\" data-image-description=\"\" data-image-caption=\"\" data-large-file=\"https:\/\/eldiariodesanpedro.com.ar\/sitio\/wp-content\/uploads\/2019\/08\/IMG-20190816-WA0107-1024x576.jpg\" data-src=\"https:\/\/i2.wp.com\/eldiariodesanpedro.com.ar\/sitio\/wp-content\/uploads\/2019\/08\/IMG-20190816-WA0107.jpg?fit=660%2C371\" alt=\"\" data-id=\"58315\" data-link=\"https:\/\/eldiariodesanpedro.com.ar\/sitio\/?attachment_id=58315\" class=\"wp-image-58315 lazyload\" data-srcset=\"https:\/\/eldiariodesanpedro.com.ar\/sitio\/wp-content\/uploads\/2019\/08\/IMG-20190816-WA0107.jpg 1040w, https:\/\/eldiariodesanpedro.com.ar\/sitio\/wp-content\/uploads\/2019\/08\/IMG-20190816-WA0107-300x169.jpg 300w, https:\/\/eldiariodesanpedro.com.ar\/sitio\/wp-content\/uploads\/2019\/08\/IMG-20190816-WA0107-768x432.jpg 768w, https:\/\/eldiariodesanpedro.com.ar\/sitio\/wp-content\/uploads\/2019\/08\/IMG-20190816-WA0107-1024x576.jpg 1024w\" data-sizes=\"(max-width: 1040px) 100vw, 1040px\" src=\"data:image\/svg+xml;base64,PHN2ZyB3aWR0aD0iMSIgaGVpZ2h0PSIxIiB4bWxucz0iaHR0cDovL3d3dy53My5vcmcvMjAwMC9zdmciPjwvc3ZnPg==\" style=\"--smush-placeholder-width: 1040px; --smush-placeholder-aspect-ratio: 1040\/585;\" \/><\/figure><\/li><li class=\"blocks-gallery-item\"><figure><img decoding=\"async\" width=\"1040\" height=\"585\" data-attachment-id=\"58316\" data-permalink=\"https:\/\/eldiariodesanpedro.com.ar\/sitio\/renovacion-total-en-la-sala-de-espera-de-pediatria\/img-20190816-wa0105\/\" data-orig-file=\"https:\/\/eldiariodesanpedro.com.ar\/sitio\/wp-content\/uploads\/2019\/08\/IMG-20190816-WA0105.jpg\" data-orig-size=\"1040,585\" data-comments-opened=\"1\" data-image-meta=\"{&quot;aperture&quot;:&quot;0&quot;,&quot;credit&quot;:&quot;&quot;,&quot;camera&quot;:&quot;&quot;,&quot;caption&quot;:&quot;&quot;,&quot;created_timestamp&quot;:&quot;0&quot;,&quot;copyright&quot;:&quot;&quot;,&quot;focal_length&quot;:&quot;0&quot;,&quot;iso&quot;:&quot;0&quot;,&quot;shutter_speed&quot;:&quot;0&quot;,&quot;title&quot;:&quot;&quot;,&quot;orientation&quot;:&quot;0&quot;}\" data-image-title=\"IMG-20190816-WA0105\" data-image-description=\"\" data-image-caption=\"\" data-large-file=\"https:\/\/eldiariodesanpedro.com.ar\/sitio\/wp-content\/uploads\/2019\/08\/IMG-20190816-WA0105-1024x576.jpg\" data-src=\"https:\/\/i2.wp.com\/eldiariodesanpedro.com.ar\/sitio\/wp-content\/uploads\/2019\/08\/IMG-20190816-WA0105.jpg?fit=660%2C371\" alt=\"\" data-id=\"58316\" data-link=\"https:\/\/eldiariodesanpedro.com.ar\/sitio\/?attachment_id=58316\" class=\"wp-image-58316 lazyload\" data-srcset=\"https:\/\/eldiariodesanpedro.com.ar\/sitio\/wp-content\/uploads\/2019\/08\/IMG-20190816-WA0105.jpg 1040w, https:\/\/eldiariodesanpedro.com.ar\/sitio\/wp-content\/uploads\/2019\/08\/IMG-20190816-WA0105-300x169.jpg 300w, https:\/\/eldiariodesanpedro.com.ar\/sitio\/wp-content\/uploads\/2019\/08\/IMG-20190816-WA0105-768x432.jpg 768w, https:\/\/eldiariodesanpedro.com.ar\/sitio\/wp-content\/uploads\/2019\/08\/IMG-20190816-WA0105-1024x576.jpg 1024w\" data-sizes=\"(max-width: 1040px) 100vw, 1040px\" src=\"data:image\/svg+xml;base64,PHN2ZyB3aWR0aD0iMSIgaGVpZ2h0PSIxIiB4bWxucz0iaHR0cDovL3d3dy53My5vcmcvMjAwMC9zdmciPjwvc3ZnPg==\" style=\"--smush-placeholder-width: 1040px; --smush-placeholder-aspect-ratio: 1040\/585;\" \/><\/figure><\/li><li class=\"blocks-gallery-item\"><figure><img decoding=\"async\" width=\"1040\" height=\"585\" data-attachment-id=\"58317\" data-permalink=\"https:\/\/eldiariodesanpedro.com.ar\/sitio\/renovacion-total-en-la-sala-de-espera-de-pediatria\/img-20190816-wa0094\/\" data-orig-file=\"https:\/\/eldiariodesanpedro.com.ar\/sitio\/wp-content\/uploads\/2019\/08\/IMG-20190816-WA0094.jpg\" data-orig-size=\"1040,585\" data-comments-opened=\"1\" data-image-meta=\"{&quot;aperture&quot;:&quot;0&quot;,&quot;credit&quot;:&quot;&quot;,&quot;camera&quot;:&quot;&quot;,&quot;caption&quot;:&quot;&quot;,&quot;created_timestamp&quot;:&quot;0&quot;,&quot;copyright&quot;:&quot;&quot;,&quot;focal_length&quot;:&quot;0&quot;,&quot;iso&quot;:&quot;0&quot;,&quot;shutter_speed&quot;:&quot;0&quot;,&quot;title&quot;:&quot;&quot;,&quot;orientation&quot;:&quot;0&quot;}\" data-image-title=\"IMG-20190816-WA0094\" data-image-description=\"\" data-image-caption=\"\" data-large-file=\"https:\/\/eldiariodesanpedro.com.ar\/sitio\/wp-content\/uploads\/2019\/08\/IMG-20190816-WA0094-1024x576.jpg\" data-src=\"https:\/\/i2.wp.com\/eldiariodesanpedro.com.ar\/sitio\/wp-content\/uploads\/2019\/08\/IMG-20190816-WA0094.jpg?fit=660%2C371\" alt=\"\" data-id=\"58317\" data-link=\"https:\/\/eldiariodesanpedro.com.ar\/sitio\/?attachment_id=58317\" class=\"wp-image-58317 lazyload\" data-srcset=\"https:\/\/eldiariodesanpedro.com.ar\/sitio\/wp-content\/uploads\/2019\/08\/IMG-20190816-WA0094.jpg 1040w, https:\/\/eldiariodesanpedro.com.ar\/sitio\/wp-content\/uploads\/2019\/08\/IMG-20190816-WA0094-300x169.jpg 300w, https:\/\/eldiariodesanpedro.com.ar\/sitio\/wp-content\/uploads\/2019\/08\/IMG-20190816-WA0094-768x432.jpg 768w, https:\/\/eldiariodesanpedro.com.ar\/sitio\/wp-content\/uploads\/2019\/08\/IMG-20190816-WA0094-1024x576.jpg 1024w\" data-sizes=\"(max-width: 1040px) 100vw, 1040px\" src=\"data:image\/svg+xml;base64,PHN2ZyB3aWR0aD0iMSIgaGVpZ2h0PSIxIiB4bWxucz0iaHR0cDovL3d3dy53My5vcmcvMjAwMC9zdmciPjwvc3ZnPg==\" style=\"--smush-placeholder-width: 1040px; --smush-placeholder-aspect-ratio: 1040\/585;\" \/><\/figure><\/li><li class=\"blocks-gallery-item\"><figure><img decoding=\"async\" src=\"blob:https:\/\/eldiariodesanpedro.com.ar\/999ea129-1c28-445a-b3e8-2160c5cb4b5c\"\/><\/figure><\/li><li class=\"blocks-gallery-item\"><figure><img decoding=\"async\" width=\"4341\" height=\"3075\" data-attachment-id=\"58319\" data-permalink=\"https:\/\/eldiariodesanpedro.com.ar\/sitio\/renovacion-total-en-la-sala-de-espera-de-pediatria\/bi4a1686-2\/\" data-orig-file=\"https:\/\/eldiariodesanpedro.com.ar\/sitio\/wp-content\/uploads\/2019\/08\/BI4A1686-1.jpg\" data-orig-size=\"4341,3075\" data-comments-opened=\"1\" data-image-meta=\"{&quot;aperture&quot;:&quot;4.5&quot;,&quot;credit&quot;:&quot;&quot;,&quot;camera&quot;:&quot;Canon EOS 5D Mark III&quot;,&quot;caption&quot;:&quot;&quot;,&quot;created_timestamp&quot;:&quot;1573640413&quot;,&quot;copyright&quot;:&quot;&quot;,&quot;focal_length&quot;:&quot;24&quot;,&quot;iso&quot;:&quot;400&quot;,&quot;shutter_speed&quot;:&quot;0.016666666666667&quot;,&quot;title&quot;:&quot;&quot;,&quot;orientation&quot;:&quot;0&quot;}\" data-image-title=\"BI4A1686\" data-image-description=\"\" data-image-caption=\"\" data-large-file=\"https:\/\/eldiariodesanpedro.com.ar\/sitio\/wp-content\/uploads\/2019\/08\/BI4A1686-1-1024x725.jpg\" data-src=\"https:\/\/i2.wp.com\/eldiariodesanpedro.com.ar\/sitio\/wp-content\/uploads\/2019\/08\/BI4A1686-1.jpg?fit=660%2C467\" alt=\"\" data-id=\"58319\" data-link=\"https:\/\/eldiariodesanpedro.com.ar\/sitio\/?attachment_id=58319\" class=\"wp-image-58319 lazyload\" data-srcset=\"https:\/\/eldiariodesanpedro.com.ar\/sitio\/wp-content\/uploads\/2019\/08\/BI4A1686-1.jpg 4341w, https:\/\/eldiariodesanpedro.com.ar\/sitio\/wp-content\/uploads\/2019\/08\/BI4A1686-1-300x213.jpg 300w, https:\/\/eldiariodesanpedro.com.ar\/sitio\/wp-content\/uploads\/2019\/08\/BI4A1686-1-768x544.jpg 768w, https:\/\/eldiariodesanpedro.com.ar\/sitio\/wp-content\/uploads\/2019\/08\/BI4A1686-1-1024x725.jpg 1024w\" data-sizes=\"(max-width: 4341px) 100vw, 4341px\" src=\"data:image\/svg+xml;base64,PHN2ZyB3aWR0aD0iMSIgaGVpZ2h0PSIxIiB4bWxucz0iaHR0cDovL3d3dy53My5vcmcvMjAwMC9zdmciPjwvc3ZnPg==\" style=\"--smush-placeholder-width: 4341px; --smush-placeholder-aspect-ratio: 4341\/3075;\" \/><\/figure><\/li><li class=\"blocks-gallery-item\"><figure><img decoding=\"async\" src=\"blob:https:\/\/eldiariodesanpedro.com.ar\/84dd4a79-546e-4eff-8aa8-2553f079ef3d\"\/><\/figure><\/li><li class=\"blocks-gallery-item\"><figure><img decoding=\"async\" src=\"blob:https:\/\/eldiariodesanpedro.com.ar\/69c09d4b-c3a6-4a46-9e8d-342290b4e862\"\/><\/figure><\/li><li class=\"blocks-gallery-item\"><figure><img decoding=\"async\" src=\"blob:https:\/\/eldiariodesanpedro.com.ar\/1ef14c56-ae6b-40d9-9e1f-85fdcf903f0d\"\/><\/figure><\/li><li class=\"blocks-gallery-item\"><figure><img decoding=\"async\" src=\"blob:https:\/\/eldiariodesanpedro.com.ar\/ca95d4d8-e808-47f6-a360-71272ea1c944\"\/><\/figure><\/li><\/ul>\n","protected":false},"excerpt":{"rendered":"<p>En la Salud P\u00fablica de San Pedro, el cambio se nota y testigos de ello son miles de sampedrinos que todos los d\u00edas concurren a recibir atenci\u00f3n m\u00e9dica para mayores, adultos y ni\u00f1os, con confianza y respuesta profesional. Hoy fue un d\u00eda de celebraci\u00f3n con la presentaci\u00f3n oficial de las mejoras realizadas en la Sala [&hellip;]<\/p>\n","protected":false},"author":4,"featured_media":58310,"comment_status":"open","ping_status":"closed","sticky":false,"template":"","format":"standard","meta":{"om_disable_all_campaigns":false,"_jetpack_memberships_contains_paid_content":false,"footnotes":""},"categories":[50,101,2],"tags":[],"class_list":["post-58302","post","type-post","status-publish","format-standard","has-post-thumbnail","hentry","category-destacadas","category-interes-general-locales","category-locales"],"aioseo_notices":[],"gutentor_comment":0,"jetpack_featured_media_url":"https:\/\/eldiariodesanpedro.com.ar\/sitio\/wp-content\/uploads\/2019\/08\/000079178.jpg","jetpack_shortlink":"https:\/\/wp.me\/p6RhLt-fam","jetpack_sharing_enabled":true,"_links":{"self":[{"href":"https:\/\/eldiariodesanpedro.com.ar\/sitio\/wp-json\/wp\/v2\/posts\/58302","targetHints":{"allow":["GET"]}}],"collection":[{"href":"https:\/\/eldiariodesanpedro.com.ar\/sitio\/wp-json\/wp\/v2\/posts"}],"about":[{"href":"https:\/\/eldiariodesanpedro.com.ar\/sitio\/wp-json\/wp\/v2\/types\/post"}],"author":[{"embeddable":true,"href":"https:\/\/eldiariodesanpedro.com.ar\/sitio\/wp-json\/wp\/v2\/users\/4"}],"replies":[{"embeddable":true,"href":"https:\/\/eldiariodesanpedro.com.ar\/sitio\/wp-json\/wp\/v2\/comments?post=58302"}],"version-history":[{"count":1,"href":"https:\/\/eldiariodesanpedro.com.ar\/sitio\/wp-json\/wp\/v2\/posts\/58302\/revisions"}],"predecessor-version":[{"id":58320,"href":"https:\/\/eldiariodesanpedro.com.ar\/sitio\/wp-json\/wp\/v2\/posts\/58302\/revisions\/58320"}],"wp:featuredmedia":[{"embeddable":true,"href":"https:\/\/eldiariodesanpedro.com.ar\/sitio\/wp-json\/wp\/v2\/media\/58310"}],"wp:attachment":[{"href":"https:\/\/eldiariodesanpedro.com.ar\/sitio\/wp-json\/wp\/v2\/media?parent=58302"}],"wp:term":[{"taxonomy":"category","embeddable":true,"href":"https:\/\/eldiariodesanpedro.com.ar\/sitio\/wp-json\/wp\/v2\/categories?post=58302"},{"taxonomy":"post_tag","embeddable":true,"href":"https:\/\/eldiariodesanpedro.com.ar\/sitio\/wp-json\/wp\/v2\/tags?post=58302"}],"curies":[{"name":"wp","href":"https:\/\/api.w.org\/{rel}","templated":true}]}}