{"id":58296,"date":"2019-08-16T12:00:41","date_gmt":"2019-08-16T15:00:41","guid":{"rendered":"https:\/\/eldiariodesanpedro.com.ar\/sitio\/?p=58296"},"modified":"2019-08-16T12:00:46","modified_gmt":"2019-08-16T15:00:46","slug":"robaron-un-telefono-del-interior-de-un-auto","status":"publish","type":"post","link":"https:\/\/eldiariodesanpedro.com.ar\/sitio\/robaron-un-telefono-del-interior-de-un-auto\/","title":{"rendered":"Robaron un tel\u00e9fono del interior de un auto"},"content":{"rendered":"<!-- VideographyWP Plugin Message: Automatic video embedding prevented by plugin options. -->\n\n<p>Sucedi\u00f3 este jueves por la tarde, delincuentes ignorados sustrajeron de un autom\u00f3vil que se encontraba estacionado sobre calle Uruguay al 2700 un tel\u00e9fono celular.<\/p>\n\n\n\n<p>Su propietario de 39 a\u00f1os de edad realizo la denuncia en comisaria e interviene la fiscalia N\u00ba5.<\/p>\n\n\n\n<p><br><\/p>\n","protected":false},"excerpt":{"rendered":"<p>Sucedi\u00f3 este jueves por la tarde, delincuentes ignorados sustrajeron de un autom\u00f3vil que se encontraba estacionado sobre calle Uruguay al 2700 un tel\u00e9fono celular. Su propietario de 39 a\u00f1os de edad realizo la denuncia en comisaria e interviene la fiscalia N\u00ba5.<\/p>\n","protected":false},"author":4,"featured_media":56528,"comment_status":"open","ping_status":"closed","sticky":false,"template":"","format":"standard","meta":{"om_disable_all_campaigns":false,"_jetpack_memberships_contains_paid_content":false,"footnotes":""},"categories":[2,103],"tags":[],"class_list":["post-58296","post","type-post","status-publish","format-standard","has-post-thumbnail","hentry","category-locales","category-policiales-locales"],"aioseo_notices":[],"gutentor_comment":0,"jetpack_featured_media_url":"https:\/\/eldiariodesanpedro.com.ar\/sitio\/wp-content\/uploads\/2019\/07\/patrulla66-1024x680.jpg","jetpack_shortlink":"https:\/\/wp.me\/p6RhLt-fag","jetpack_sharing_enabled":true,"_links":{"self":[{"href":"https:\/\/eldiariodesanpedro.com.ar\/sitio\/wp-json\/wp\/v2\/posts\/58296","targetHints":{"allow":["GET"]}}],"collection":[{"href":"https:\/\/eldiariodesanpedro.com.ar\/sitio\/wp-json\/wp\/v2\/posts"}],"about":[{"href":"https:\/\/eldiariodesanpedro.com.ar\/sitio\/wp-json\/wp\/v2\/types\/post"}],"author":[{"embeddable":true,"href":"https:\/\/eldiariodesanpedro.com.ar\/sitio\/wp-json\/wp\/v2\/users\/4"}],"replies":[{"embeddable":true,"href":"https:\/\/eldiariodesanpedro.com.ar\/sitio\/wp-json\/wp\/v2\/comments?post=58296"}],"version-history":[{"count":1,"href":"https:\/\/eldiariodesanpedro.com.ar\/sitio\/wp-json\/wp\/v2\/posts\/58296\/revisions"}],"predecessor-version":[{"id":58297,"href":"https:\/\/eldiariodesanpedro.com.ar\/sitio\/wp-json\/wp\/v2\/posts\/58296\/revisions\/58297"}],"wp:featuredmedia":[{"embeddable":true,"href":"https:\/\/eldiariodesanpedro.com.ar\/sitio\/wp-json\/wp\/v2\/media\/56528"}],"wp:attachment":[{"href":"https:\/\/eldiariodesanpedro.com.ar\/sitio\/wp-json\/wp\/v2\/media?parent=58296"}],"wp:term":[{"taxonomy":"category","embeddable":true,"href":"https:\/\/eldiariodesanpedro.com.ar\/sitio\/wp-json\/wp\/v2\/categories?post=58296"},{"taxonomy":"post_tag","embeddable":true,"href":"https:\/\/eldiariodesanpedro.com.ar\/sitio\/wp-json\/wp\/v2\/tags?post=58296"}],"curies":[{"name":"wp","href":"https:\/\/api.w.org\/{rel}","templated":true}]}}