{"id":58265,"date":"2019-08-16T11:18:50","date_gmt":"2019-08-16T14:18:50","guid":{"rendered":"https:\/\/eldiariodesanpedro.com.ar\/sitio\/?p=58265"},"modified":"2019-08-16T11:18:54","modified_gmt":"2019-08-16T14:18:54","slug":"dos-personas-danan-la-puerta-de-un-domicilio-intencionalmente","status":"publish","type":"post","link":"https:\/\/eldiariodesanpedro.com.ar\/sitio\/dos-personas-danan-la-puerta-de-un-domicilio-intencionalmente\/","title":{"rendered":"Dos personas da\u00f1an la puerta de un domicilio intencionalmente"},"content":{"rendered":"<!-- VideographyWP Plugin Message: Automatic video embedding prevented by plugin options. -->\n\n<p>Este jueves en la comisar\u00eda local de la ciudad se recibi\u00f3 la denuncia de una mujer de 39 a\u00f1os de edad quien declar\u00f3 que en su domicilio ubicado en calle Cruz Roja Argentina al 900, se hicieron presentes dos sujetos masculinos a quienes conoce quienes intencionalmente golpearon la puerta provocando da\u00f1os en la misma.&nbsp;<\/p>\n\n\n\n<p>Los individuos tras da\u00f1ar la puerta se dieron a la fuga sin sustraer nada del domicilio. <br><\/p>\n","protected":false},"excerpt":{"rendered":"<p>Este jueves en la comisar\u00eda local de la ciudad se recibi\u00f3 la denuncia de una mujer de 39 a\u00f1os de edad quien declar\u00f3 que en su domicilio ubicado en calle Cruz Roja Argentina al 900, se hicieron presentes dos sujetos masculinos a quienes conoce quienes intencionalmente golpearon la puerta provocando da\u00f1os en la misma.&nbsp; Los [&hellip;]<\/p>\n","protected":false},"author":4,"featured_media":58266,"comment_status":"open","ping_status":"closed","sticky":false,"template":"","format":"standard","meta":{"om_disable_all_campaigns":false,"_jetpack_memberships_contains_paid_content":false,"footnotes":""},"categories":[2,103],"tags":[],"class_list":["post-58265","post","type-post","status-publish","format-standard","has-post-thumbnail","hentry","category-locales","category-policiales-locales"],"aioseo_notices":[],"gutentor_comment":0,"jetpack_featured_media_url":"https:\/\/eldiariodesanpedro.com.ar\/sitio\/wp-content\/uploads\/2019\/08\/patrulla-movil-policial-madariaga.jpg","jetpack_shortlink":"https:\/\/wp.me\/p6RhLt-f9L","jetpack_sharing_enabled":true,"_links":{"self":[{"href":"https:\/\/eldiariodesanpedro.com.ar\/sitio\/wp-json\/wp\/v2\/posts\/58265","targetHints":{"allow":["GET"]}}],"collection":[{"href":"https:\/\/eldiariodesanpedro.com.ar\/sitio\/wp-json\/wp\/v2\/posts"}],"about":[{"href":"https:\/\/eldiariodesanpedro.com.ar\/sitio\/wp-json\/wp\/v2\/types\/post"}],"author":[{"embeddable":true,"href":"https:\/\/eldiariodesanpedro.com.ar\/sitio\/wp-json\/wp\/v2\/users\/4"}],"replies":[{"embeddable":true,"href":"https:\/\/eldiariodesanpedro.com.ar\/sitio\/wp-json\/wp\/v2\/comments?post=58265"}],"version-history":[{"count":1,"href":"https:\/\/eldiariodesanpedro.com.ar\/sitio\/wp-json\/wp\/v2\/posts\/58265\/revisions"}],"predecessor-version":[{"id":58267,"href":"https:\/\/eldiariodesanpedro.com.ar\/sitio\/wp-json\/wp\/v2\/posts\/58265\/revisions\/58267"}],"wp:featuredmedia":[{"embeddable":true,"href":"https:\/\/eldiariodesanpedro.com.ar\/sitio\/wp-json\/wp\/v2\/media\/58266"}],"wp:attachment":[{"href":"https:\/\/eldiariodesanpedro.com.ar\/sitio\/wp-json\/wp\/v2\/media?parent=58265"}],"wp:term":[{"taxonomy":"category","embeddable":true,"href":"https:\/\/eldiariodesanpedro.com.ar\/sitio\/wp-json\/wp\/v2\/categories?post=58265"},{"taxonomy":"post_tag","embeddable":true,"href":"https:\/\/eldiariodesanpedro.com.ar\/sitio\/wp-json\/wp\/v2\/tags?post=58265"}],"curies":[{"name":"wp","href":"https:\/\/api.w.org\/{rel}","templated":true}]}}