{"id":58262,"date":"2019-08-16T11:00:11","date_gmt":"2019-08-16T14:00:11","guid":{"rendered":"https:\/\/eldiariodesanpedro.com.ar\/sitio\/?p=58262"},"modified":"2019-08-16T11:00:15","modified_gmt":"2019-08-16T14:00:15","slug":"violenta-colision-entre-una-moto-y-una-camioneta","status":"publish","type":"post","link":"https:\/\/eldiariodesanpedro.com.ar\/sitio\/violenta-colision-entre-una-moto-y-una-camioneta\/","title":{"rendered":"Violenta colisi\u00f3n entre una moto y una camioneta"},"content":{"rendered":"<!-- VideographyWP Plugin Message: Automatic video embedding prevented by plugin options. -->\n\n<p>Sucedi\u00f3 minutos antes de las 18 horas de este jueves. No hubo lesionados de gravedad, solo importantes deterioros en ambos veh\u00edculos.\u00a0<\/p>\n\n\n\n<p>Un violento accidente de tr\u00e1nsito se produjo en la tarde del jueves en la esquina de Almafuerte y Beaumont.\u00a0<\/p>\n\n\n\n<p>All\u00ed colisionaron una camioneta Toyota Hillux y una moto scooter Gilera 110 en la que viajaba una sola persona. Como producto del fuerte impacto el conductor de la moto sufri\u00f3 algunos golpes menores y fue trasladado por una ambulancia del servicio Same al Hospital pero solo por precauci\u00f3n aunque seg\u00fan contaron vecinos fue dado de alta de inmediato y regres\u00f3 al lugar del incidente.&nbsp;<\/p>\n\n\n\n<p>La peor parte la llevaron ambos veh\u00edculos que sufrieron importantes da\u00f1os.<\/p>\n\n\n\n<p>Fuente: San Pedro Informa<\/p>\n\n\n\n<p><br><\/p>\n","protected":false},"excerpt":{"rendered":"<p>Sucedi\u00f3 minutos antes de las 18 horas de este jueves. No hubo lesionados de gravedad, solo importantes deterioros en ambos veh\u00edculos.\u00a0 Un violento accidente de tr\u00e1nsito se produjo en la tarde del jueves en la esquina de Almafuerte y Beaumont.\u00a0 All\u00ed colisionaron una camioneta Toyota Hillux y una moto scooter Gilera 110 en la que [&hellip;]<\/p>\n","protected":false},"author":4,"featured_media":58263,"comment_status":"open","ping_status":"closed","sticky":false,"template":"","format":"standard","meta":{"om_disable_all_campaigns":false,"_jetpack_memberships_contains_paid_content":false,"footnotes":""},"categories":[621],"tags":[],"class_list":["post-58262","post","type-post","status-publish","format-standard","has-post-thumbnail","hentry","category-regionales"],"aioseo_notices":[],"gutentor_comment":0,"jetpack_featured_media_url":"https:\/\/eldiariodesanpedro.com.ar\/sitio\/wp-content\/uploads\/2019\/08\/000079138.jpg","jetpack_shortlink":"https:\/\/wp.me\/p6RhLt-f9I","jetpack_sharing_enabled":true,"_links":{"self":[{"href":"https:\/\/eldiariodesanpedro.com.ar\/sitio\/wp-json\/wp\/v2\/posts\/58262","targetHints":{"allow":["GET"]}}],"collection":[{"href":"https:\/\/eldiariodesanpedro.com.ar\/sitio\/wp-json\/wp\/v2\/posts"}],"about":[{"href":"https:\/\/eldiariodesanpedro.com.ar\/sitio\/wp-json\/wp\/v2\/types\/post"}],"author":[{"embeddable":true,"href":"https:\/\/eldiariodesanpedro.com.ar\/sitio\/wp-json\/wp\/v2\/users\/4"}],"replies":[{"embeddable":true,"href":"https:\/\/eldiariodesanpedro.com.ar\/sitio\/wp-json\/wp\/v2\/comments?post=58262"}],"version-history":[{"count":1,"href":"https:\/\/eldiariodesanpedro.com.ar\/sitio\/wp-json\/wp\/v2\/posts\/58262\/revisions"}],"predecessor-version":[{"id":58264,"href":"https:\/\/eldiariodesanpedro.com.ar\/sitio\/wp-json\/wp\/v2\/posts\/58262\/revisions\/58264"}],"wp:featuredmedia":[{"embeddable":true,"href":"https:\/\/eldiariodesanpedro.com.ar\/sitio\/wp-json\/wp\/v2\/media\/58263"}],"wp:attachment":[{"href":"https:\/\/eldiariodesanpedro.com.ar\/sitio\/wp-json\/wp\/v2\/media?parent=58262"}],"wp:term":[{"taxonomy":"category","embeddable":true,"href":"https:\/\/eldiariodesanpedro.com.ar\/sitio\/wp-json\/wp\/v2\/categories?post=58262"},{"taxonomy":"post_tag","embeddable":true,"href":"https:\/\/eldiariodesanpedro.com.ar\/sitio\/wp-json\/wp\/v2\/tags?post=58262"}],"curies":[{"name":"wp","href":"https:\/\/api.w.org\/{rel}","templated":true}]}}