{"id":58259,"date":"2019-08-16T10:45:06","date_gmt":"2019-08-16T13:45:06","guid":{"rendered":"https:\/\/eldiariodesanpedro.com.ar\/sitio\/?p=58259"},"modified":"2019-08-16T10:45:11","modified_gmt":"2019-08-16T13:45:11","slug":"arrecifes-cooperativistas-reciclan-pupitres-escolares","status":"publish","type":"post","link":"https:\/\/eldiariodesanpedro.com.ar\/sitio\/arrecifes-cooperativistas-reciclan-pupitres-escolares\/","title":{"rendered":"ARRECIFES | Cooperativistas reciclan pupitres escolares"},"content":{"rendered":"<!-- VideographyWP Plugin Message: Automatic video embedding prevented by plugin options. -->\n\n<p>\n\nLas mesas recuperadas se distribuyeron en el Punto Digital para su utilizaci\u00f3n en las clases del programa Nueva Oportunidad y pr\u00f3ximamente se entregar\u00e1n m\u00e1s en la Escuela Nacional.<\/p>\n\n\n\n<p>Mediante una gesti\u00f3n realizada por el presidente del Concejo Deliberante, Francisco B\u00f3veda, cooperativistas del taller de herrer\u00eda del corral\u00f3n municipal, recuperaron una importante cantidad de mesas pupitres escolares que se encontraban en desuso y malas condiciones, arenando, pintando, cambiando y reponiendo las maderas.<\/p>\n\n\n\n<p>Fuente: Arrecifes Noticias<\/p>\n","protected":false},"excerpt":{"rendered":"<p>Las mesas recuperadas se distribuyeron en el Punto Digital para su utilizaci\u00f3n en las clases del programa Nueva Oportunidad y pr\u00f3ximamente se entregar\u00e1n m\u00e1s en la Escuela Nacional. Mediante una gesti\u00f3n realizada por el presidente del Concejo Deliberante, Francisco B\u00f3veda, cooperativistas del taller de herrer\u00eda del corral\u00f3n municipal, recuperaron una importante cantidad de mesas pupitres [&hellip;]<\/p>\n","protected":false},"author":4,"featured_media":58260,"comment_status":"open","ping_status":"closed","sticky":false,"template":"","format":"standard","meta":{"om_disable_all_campaigns":false,"_jetpack_memberships_contains_paid_content":false,"footnotes":""},"categories":[621],"tags":[],"class_list":["post-58259","post","type-post","status-publish","format-standard","has-post-thumbnail","hentry","category-regionales"],"aioseo_notices":[],"gutentor_comment":0,"jetpack_featured_media_url":"https:\/\/eldiariodesanpedro.com.ar\/sitio\/wp-content\/uploads\/2019\/08\/68317760_2279941825388413_787361822838620160_n.jpg","jetpack_shortlink":"https:\/\/wp.me\/p6RhLt-f9F","jetpack_sharing_enabled":true,"_links":{"self":[{"href":"https:\/\/eldiariodesanpedro.com.ar\/sitio\/wp-json\/wp\/v2\/posts\/58259","targetHints":{"allow":["GET"]}}],"collection":[{"href":"https:\/\/eldiariodesanpedro.com.ar\/sitio\/wp-json\/wp\/v2\/posts"}],"about":[{"href":"https:\/\/eldiariodesanpedro.com.ar\/sitio\/wp-json\/wp\/v2\/types\/post"}],"author":[{"embeddable":true,"href":"https:\/\/eldiariodesanpedro.com.ar\/sitio\/wp-json\/wp\/v2\/users\/4"}],"replies":[{"embeddable":true,"href":"https:\/\/eldiariodesanpedro.com.ar\/sitio\/wp-json\/wp\/v2\/comments?post=58259"}],"version-history":[{"count":1,"href":"https:\/\/eldiariodesanpedro.com.ar\/sitio\/wp-json\/wp\/v2\/posts\/58259\/revisions"}],"predecessor-version":[{"id":58261,"href":"https:\/\/eldiariodesanpedro.com.ar\/sitio\/wp-json\/wp\/v2\/posts\/58259\/revisions\/58261"}],"wp:featuredmedia":[{"embeddable":true,"href":"https:\/\/eldiariodesanpedro.com.ar\/sitio\/wp-json\/wp\/v2\/media\/58260"}],"wp:attachment":[{"href":"https:\/\/eldiariodesanpedro.com.ar\/sitio\/wp-json\/wp\/v2\/media?parent=58259"}],"wp:term":[{"taxonomy":"category","embeddable":true,"href":"https:\/\/eldiariodesanpedro.com.ar\/sitio\/wp-json\/wp\/v2\/categories?post=58259"},{"taxonomy":"post_tag","embeddable":true,"href":"https:\/\/eldiariodesanpedro.com.ar\/sitio\/wp-json\/wp\/v2\/tags?post=58259"}],"curies":[{"name":"wp","href":"https:\/\/api.w.org\/{rel}","templated":true}]}}